{"id":9189,"date":"2025-03-13T09:49:57","date_gmt":"2025-03-13T14:49:57","guid":{"rendered":"https:\/\/www.gadmunicipaldeleg.gob.ec\/?p=9189"},"modified":"2025-03-13T09:49:59","modified_gmt":"2025-03-13T14:49:59","slug":"deleg-te-invita-a-vivir-la-aventura-del-deporte-la-naturaleza-y-nuestra-historia","status":"publish","type":"post","link":"https:\/\/www.gadmunicipaldeleg.gob.ec\/?p=9189","title":{"rendered":"D\u00e9leg te invita a vivir la aventura del deporte, la naturaleza y nuestra historia"},"content":{"rendered":"\n<p>Como parte de la agenda festiva por los 33 a\u00f1os de cantonizaci\u00f3n de D\u00e9leg, el Gobierno Municipal invita a la ciudadan\u00eda a participar en dos eventos que combinan deporte, turismo y cultura, permitiendo a los asistentes conocer y disfrutar de los paisajes m\u00e1s emblem\u00e1ticos de la regi\u00f3n.<\/p>\n\n\n\n<div class=\"wp-block-media-text is-stacked-on-mobile\"><figure class=\"wp-block-media-text__media\"><img loading=\"lazy\" decoding=\"async\" width=\"1080\" height=\"1080\" src=\"https:\/\/www.gadmunicipaldeleg.gob.ec\/wp-content\/uploads\/2025\/03\/1-CICLOPASEO.jpg\" alt=\"\" class=\"wp-image-9190 size-full\"\/><\/figure><div class=\"wp-block-media-text__content\">\n<p>El primer evento, el Ciclo Paseo \u00abConociendo la Ruta Tur\u00edstica hacia la Laguna de Guabizh\u00fan\u00bb, se llevar\u00e1 a cabo el s\u00e1bado 15 de marzo a partir de las 08h30, con punto de partida en la Laguna de Guabizh\u00fan. Este recorrido es apto para ciclistas de todos los niveles y representa una oportunidad \u00fanica para recorrer bellos paisajes, respirar aire puro y compartir la pasi\u00f3n por el ciclismo en grupo. La inscripci\u00f3n es gratuita e incluye una medalla de participaci\u00f3n, hidrataci\u00f3n y la posibilidad de ganar premios en un emocionante sorteo para los 200 primeros inscritos. Los participantes deben llevar su bicicleta en buen estado, casco y ropa c\u00f3moda.<\/p>\n<\/div><\/div>\n\n\n\n<div class=\"wp-block-media-text has-media-on-the-right is-stacked-on-mobile\"><div class=\"wp-block-media-text__content\">\n<p>El segundo evento, la Caminata \u00abPaso a Paso por la Historia de D\u00e9leg\u00bb de 9,6 kil\u00f3metros, se realizar\u00e1 el s\u00e1bado 22 de marzo desde las 07h00, partiendo desde la comunidad de Zinin. La ruta comprender\u00e1 sitios emblem\u00e1ticos como la Laguna de Chonta, la Meseta de la Pachamama, Jacar\u00edn, La Dolorosa y la Laguna de Guabizh\u00fan. Esta actividad ofrece una experiencia enriquecedora para conectar con la historia y la naturaleza del cant\u00f3n. Se recomienda a los participantes llevar ropa c\u00f3moda, zapatos adecuados para caminar y una c\u00e1mara o celular para capturar momentos inolvidables. Adem\u00e1s, se proporcionar\u00e1 hidrataci\u00f3n y refrigerio durante el recorrido.<\/p>\n<\/div><figure class=\"wp-block-media-text__media\"><img loading=\"lazy\" decoding=\"async\" width=\"1080\" height=\"1080\" src=\"https:\/\/www.gadmunicipaldeleg.gob.ec\/wp-content\/uploads\/2025\/03\/cami.png\" alt=\"\" class=\"wp-image-9191 size-full\"\/><\/figure><\/div>\n\n\n\n<div class=\"wp-block-media-text is-stacked-on-mobile\"><figure class=\"wp-block-media-text__media\"><img loading=\"lazy\" decoding=\"async\" width=\"904\" height=\"904\" src=\"https:\/\/www.gadmunicipaldeleg.gob.ec\/wp-content\/uploads\/2025\/03\/CAMINATA-RUTA-cuadrado.jpg\" alt=\"\" class=\"wp-image-9192 size-full\"\/><\/figure><div class=\"wp-block-media-text__content\">\n<p>El alcalde de D\u00e9leg, Hendri Tito, manifiesta que ambos eventos forman parte del cierre de la agenda festiva de cantonizaci\u00f3n y buscan fomentar la actividad f\u00edsica, la conciencia tur\u00edstica y el aprecio por el patrimonio natural e hist\u00f3rico de D\u00e9leg. \u201cInvitamos a toda la comunidad a sumarse y ser parte de estas experiencias inolvidables\u201d puntualiza el primer personero municipal.<\/p>\n<\/div><\/div>\n\n\n\n<p>Para mayor informaci\u00f3n e inscripciones, pueden comunicarse a los siguientes n\u00fameros de celular; CICLOPASEO: 0998894155; ingeniero Galo Cantos. CAMINATA: 0990548330; licenciada Daniela Mu\u00f1oz; adem\u00e1s, puede acercarse a las oficinas del Municipio de D\u00e9leg o seguir nuestras redes sociales oficiales.<\/p>\n","protected":false},"excerpt":{"rendered":"<p>Como parte de la agenda festiva por los 33 a\u00f1os de cantonizaci\u00f3n de D\u00e9leg, el Gobierno Municipal invita a la ciudadan\u00eda a participar en dos eventos que combinan deporte, turismo y cultura, permitiendo a los asistentes conocer y disfrutar de los paisajes m\u00e1s emblem\u00e1ticos de la regi\u00f3n. El primer evento, el Ciclo Paseo \u00abConociendo la [&hellip;]<\/p>\n","protected":false},"author":3,"featured_media":9194,"comment_status":"open","ping_status":"open","sticky":false,"template":"","format":"standard","meta":{"_monsterinsights_skip_tracking":false,"_monsterinsights_sitenote_active":false,"_monsterinsights_sitenote_note":"","_monsterinsights_sitenote_category":0,"footnotes":""},"categories":[236],"tags":[],"class_list":["post-9189","post","type-post","status-publish","format-standard","has-post-thumbnail","hentry","category-obras"],"_links":{"self":[{"href":"https:\/\/www.gadmunicipaldeleg.gob.ec\/index.php?rest_route=\/wp\/v2\/posts\/9189","targetHints":{"allow":["GET"]}}],"collection":[{"href":"https:\/\/www.gadmunicipaldeleg.gob.ec\/index.php?rest_route=\/wp\/v2\/posts"}],"about":[{"href":"https:\/\/www.gadmunicipaldeleg.gob.ec\/index.php?rest_route=\/wp\/v2\/types\/post"}],"author":[{"embeddable":true,"href":"https:\/\/www.gadmunicipaldeleg.gob.ec\/index.php?rest_route=\/wp\/v2\/users\/3"}],"replies":[{"embeddable":true,"href":"https:\/\/www.gadmunicipaldeleg.gob.ec\/index.php?rest_route=%2Fwp%2Fv2%2Fcomments&post=9189"}],"version-history":[{"count":1,"href":"https:\/\/www.gadmunicipaldeleg.gob.ec\/index.php?rest_route=\/wp\/v2\/posts\/9189\/revisions"}],"predecessor-version":[{"id":9195,"href":"https:\/\/www.gadmunicipaldeleg.gob.ec\/index.php?rest_route=\/wp\/v2\/posts\/9189\/revisions\/9195"}],"wp:featuredmedia":[{"embeddable":true,"href":"https:\/\/www.gadmunicipaldeleg.gob.ec\/index.php?rest_route=\/wp\/v2\/media\/9194"}],"wp:attachment":[{"href":"https:\/\/www.gadmunicipaldeleg.gob.ec\/index.php?rest_route=%2Fwp%2Fv2%2Fmedia&parent=9189"}],"wp:term":[{"taxonomy":"category","embeddable":true,"href":"https:\/\/www.gadmunicipaldeleg.gob.ec\/index.php?rest_route=%2Fwp%2Fv2%2Fcategories&post=9189"},{"taxonomy":"post_tag","embeddable":true,"href":"https:\/\/www.gadmunicipaldeleg.gob.ec\/index.php?rest_route=%2Fwp%2Fv2%2Ftags&post=9189"}],"curies":[{"name":"wp","href":"https:\/\/api.w.org\/{rel}","templated":true}]}}