{"id":9178,"date":"2025-02-27T09:43:00","date_gmt":"2025-02-27T14:43:00","guid":{"rendered":"https:\/\/www.gadmunicipaldeleg.gob.ec\/?p=9178"},"modified":"2025-03-13T09:53:09","modified_gmt":"2025-03-13T14:53:09","slug":"9178","status":"publish","type":"post","link":"https:\/\/www.gadmunicipaldeleg.gob.ec\/?p=9178","title":{"rendered":"D\u00e9leg conmemor\u00f3 33 a\u00f1os de cantonizaci\u00f3n con desfile c\u00edvico y sesi\u00f3n solemne"},"content":{"rendered":"\n<p><\/p>\n\n\n\n<p>Con un imponente desfile c\u00edvico estudiantil y una sesi\u00f3n solemne, el Gobierno Aut\u00f3nomo Descentralizado Municipal de D\u00e9leg celebr\u00f3 los 33 a\u00f1os de cantonizaci\u00f3n, rindiendo homenaje a su historia y progreso.<\/p>\n\n\n\n<div class=\"wp-block-media-text is-stacked-on-mobile\"><figure class=\"wp-block-media-text__media\"><img loading=\"lazy\" decoding=\"async\" width=\"5568\" height=\"3712\" src=\"https:\/\/www.gadmunicipaldeleg.gob.ec\/wp-content\/uploads\/2025\/03\/DSC6388.jpg\" alt=\"\" class=\"wp-image-9186 size-full\"\/><\/figure><div class=\"wp-block-media-text__content\">\n<p>La jornada festiva inici\u00f3 a las 08h30 con el desfile c\u00edvico que recorri\u00f3 las principales calles de la ciudad hasta llegar al centro cantonal. Cerca de 30 delegaciones de diversas unidades educativas y organizaciones sociales participaron en este emotivo acto, destac\u00e1ndose las coreograf\u00edas y presentaciones art\u00edsticas en tributo a la identidad local.<\/p>\n<\/div><\/div>\n\n\n\n<div class=\"wp-block-media-text has-media-on-the-right is-stacked-on-mobile\"><div class=\"wp-block-media-text__content\">\n<p>El evento cont\u00f3 con la presencia de invitados especiales como las bastoneras de la Unidad Educativa Luis Cordero de Azogues, la Banda de Paz y bastoneras de la Unidad Educativa Particular Sudamericano de Ricaurte, y la Banda de Guerra del Colegio de Bachillerato Benigno Malo de Cuenca. Su elegancia, marcialidad y energ\u00eda llenaron de orgullo a los espectadores, reafirmando su prestigio en el Austro ecuatoriano.<\/p>\n<\/div><figure class=\"wp-block-media-text__media\"><img loading=\"lazy\" decoding=\"async\" width=\"5568\" height=\"3712\" src=\"https:\/\/www.gadmunicipaldeleg.gob.ec\/wp-content\/uploads\/2025\/03\/DSC6634.jpg\" alt=\"\" class=\"wp-image-9181 size-full\"\/><\/figure><\/div>\n\n\n\n<p>SESI\u00d3N SOLEMNE<\/p>\n\n\n\n<div class=\"wp-block-media-text is-stacked-on-mobile\"><figure class=\"wp-block-media-text__media\"><img loading=\"lazy\" decoding=\"async\" width=\"5424\" height=\"3280\" src=\"https:\/\/www.gadmunicipaldeleg.gob.ec\/wp-content\/uploads\/2025\/03\/1.jpg\" alt=\"\" class=\"wp-image-9182 size-full\"\/><\/figure><div class=\"wp-block-media-text__content\">\n<p>El evento central de la celebraci\u00f3n fue la sesi\u00f3n solemne, donde se entregaron condecoraciones y menciones honor\u00edficas a personas e instituciones que han contribuido significativamente al desarrollo del cant\u00f3n:<\/p>\n\n\n\n<p><strong>Presea al M\u00e9rito Cantonal:<\/strong> Otorgada a las unidades educativas Vicente Anda Aguirre de D\u00e9leg y San Sebasti\u00e1n de Solano, en reconocimiento a su labor formativa y aporte a la comunidad.<\/p>\n\n\n\n<p><strong>Presea al M\u00e9rito Profesional:<\/strong> Concedida al artesano en fotograf\u00eda, Sr. Macario Robles Robles, y a la agrupaci\u00f3n folkl\u00f3rica Amor a Mi Tierra Domay, por su destacada trayectoria y contribuci\u00f3n a la cultura local.<\/p>\n\n\n\n<p>.<\/p>\n<\/div><\/div>\n\n\n\n<div class=\"wp-block-media-text has-media-on-the-right is-stacked-on-mobile\"><div class=\"wp-block-media-text__content\">\n<p>Durante su intervenci\u00f3n, el alcalde de D\u00e9leg, Hendri Tito, reafirm\u00f3 su compromiso de continuar trabajando en beneficio del cant\u00f3n. Destac\u00f3 los avances en vialidad, gesti\u00f3n ambiental, social, reactivaci\u00f3n econ\u00f3mica y turismo, resaltando los logros obtenidos en el 2024<\/p>\n<\/div><figure class=\"wp-block-media-text__media\"><img loading=\"lazy\" decoding=\"async\" width=\"1666\" height=\"1080\" src=\"https:\/\/www.gadmunicipaldeleg.gob.ec\/wp-content\/uploads\/2025\/03\/18.png\" alt=\"\" class=\"wp-image-9183 size-full\"\/><\/figure><\/div>\n\n\n\n<p>Entre los anuncios m\u00e1s relevantes realizados por la autoridad municipal se encuentra la autorizaci\u00f3n del Consejo Cantonal para iniciar el concurso p\u00fablico para la implementaci\u00f3n del Centro de Revisi\u00f3n T\u00e9cnico Vehicular, iniciativa clave para mejorar la seguridad y orden del tr\u00e1nsito en el cant\u00f3n.<\/p>\n\n\n\n<p>Asimismo, se formalizaron importantes convenios y compromisos:<\/p>\n\n\n\n<div class=\"wp-block-media-text is-stacked-on-mobile\"><figure class=\"wp-block-media-text__media\"><img loading=\"lazy\" decoding=\"async\" width=\"1608\" height=\"1080\" src=\"https:\/\/www.gadmunicipaldeleg.gob.ec\/wp-content\/uploads\/2025\/03\/13.png\" alt=\"\" class=\"wp-image-9184 size-full\"\/><\/figure><div class=\"wp-block-media-text__content\">\n<p>Convenio con el MIES: Destinado a la implementaci\u00f3n de servicios para personas adultas mayores con y sin discapacidad, bajo la modalidad de atenci\u00f3n domiciliaria y comunitaria.<\/p>\n\n\n\n<p>Convenio con la Universidad de Cuenca: A trav\u00e9s de la Facultad de Arquitectura y Urbanismo y el grupo de investigaci\u00f3n Ciudad, Territorio y Movilidad, para coordinar esfuerzos en beneficio del desarrollo urbano de D\u00e9leg.<\/p>\n\n\n\n<p>Entrega de materiales de construcci\u00f3n: Para diversas comunidades y mejoras en unidades educativas del cant\u00f3n.<\/p>\n\n\n\n<p><\/p>\n<\/div><\/div>\n\n\n\n<div class=\"wp-block-media-text has-media-on-the-right is-stacked-on-mobile\"><div class=\"wp-block-media-text__content\">\n<p>Finalmente, se anunci\u00f3 la entrega de los documentos al Banco de Desarrollo, para la consultor\u00eda de proyecto de ampliaci\u00f3n y mejoramiento de la Infraestructura de agua potable y alcantarillado del centro cantonal y comunidades servidas del cant\u00f3n, as\u00ed como tambi\u00e9n se entregar\u00e1 de manera formal al BDE del dise\u00f1o para la construcci\u00f3n del Sistema de alcantarillado sanitario para las comunidades de: La Plazuela, Dubliay, Pasavalle, Hornapala y entrada a Hornapala- Mina de la empresa Guap\u00e1n<\/p>\n<\/div><figure class=\"wp-block-media-text__media\"><img loading=\"lazy\" decoding=\"async\" width=\"5004\" height=\"3364\" src=\"https:\/\/www.gadmunicipaldeleg.gob.ec\/wp-content\/uploads\/2025\/03\/27.jpg\" alt=\"\" class=\"wp-image-9185 size-full\"\/><\/figure><\/div>\n\n\n\n<p>La sesi\u00f3n solemne cont\u00f3 con la presencia de autoridades provinciales, regionales y cantonales, as\u00ed como representantes de organizaciones c\u00edvicas y sociales, reafirmando el compromiso de todos los sectores con el progreso de D\u00e9leg.<\/p>\n","protected":false},"excerpt":{"rendered":"<p>Con un imponente desfile c\u00edvico estudiantil y una sesi\u00f3n solemne, el Gobierno Aut\u00f3nomo Descentralizado Municipal de D\u00e9leg celebr\u00f3 los 33 a\u00f1os de cantonizaci\u00f3n, rindiendo homenaje a su historia y progreso. La jornada festiva inici\u00f3 a las 08h30 con el desfile c\u00edvico que recorri\u00f3 las principales calles de la ciudad hasta llegar al centro cantonal. Cerca [&hellip;]<\/p>\n","protected":false},"author":3,"featured_media":9187,"comment_status":"open","ping_status":"open","sticky":false,"template":"","format":"standard","meta":{"_monsterinsights_skip_tracking":false,"_monsterinsights_sitenote_active":false,"_monsterinsights_sitenote_note":"","_monsterinsights_sitenote_category":0,"footnotes":""},"categories":[236],"tags":[],"class_list":["post-9178","post","type-post","status-publish","format-standard","has-post-thumbnail","hentry","category-obras"],"_links":{"self":[{"href":"https:\/\/www.gadmunicipaldeleg.gob.ec\/index.php?rest_route=\/wp\/v2\/posts\/9178","targetHints":{"allow":["GET"]}}],"collection":[{"href":"https:\/\/www.gadmunicipaldeleg.gob.ec\/index.php?rest_route=\/wp\/v2\/posts"}],"about":[{"href":"https:\/\/www.gadmunicipaldeleg.gob.ec\/index.php?rest_route=\/wp\/v2\/types\/post"}],"author":[{"embeddable":true,"href":"https:\/\/www.gadmunicipaldeleg.gob.ec\/index.php?rest_route=\/wp\/v2\/users\/3"}],"replies":[{"embeddable":true,"href":"https:\/\/www.gadmunicipaldeleg.gob.ec\/index.php?rest_route=%2Fwp%2Fv2%2Fcomments&post=9178"}],"version-history":[{"count":2,"href":"https:\/\/www.gadmunicipaldeleg.gob.ec\/index.php?rest_route=\/wp\/v2\/posts\/9178\/revisions"}],"predecessor-version":[{"id":9196,"href":"https:\/\/www.gadmunicipaldeleg.gob.ec\/index.php?rest_route=\/wp\/v2\/posts\/9178\/revisions\/9196"}],"wp:featuredmedia":[{"embeddable":true,"href":"https:\/\/www.gadmunicipaldeleg.gob.ec\/index.php?rest_route=\/wp\/v2\/media\/9187"}],"wp:attachment":[{"href":"https:\/\/www.gadmunicipaldeleg.gob.ec\/index.php?rest_route=%2Fwp%2Fv2%2Fmedia&parent=9178"}],"wp:term":[{"taxonomy":"category","embeddable":true,"href":"https:\/\/www.gadmunicipaldeleg.gob.ec\/index.php?rest_route=%2Fwp%2Fv2%2Fcategories&post=9178"},{"taxonomy":"post_tag","embeddable":true,"href":"https:\/\/www.gadmunicipaldeleg.gob.ec\/index.php?rest_route=%2Fwp%2Fv2%2Ftags&post=9178"}],"curies":[{"name":"wp","href":"https:\/\/api.w.org\/{rel}","templated":true}]}}