{"id":9170,"date":"2025-02-18T07:35:47","date_gmt":"2025-02-18T12:35:47","guid":{"rendered":"https:\/\/www.gadmunicipaldeleg.gob.ec\/?p=9170"},"modified":"2025-02-18T07:35:49","modified_gmt":"2025-02-18T12:35:49","slug":"anahi-cabrera-es-la-nueva-reina-de-deleg-2025","status":"publish","type":"post","link":"https:\/\/www.gadmunicipaldeleg.gob.ec\/?p=9170","title":{"rendered":"Anah\u00ed Cabrera es la nueva Reina de D\u00e9leg 2025"},"content":{"rendered":"\n<p>En una noche llena de elegancia y tradici\u00f3n, Anah\u00ed Jhuliana Cabrera Nieves fue coronada como la nueva Reina de D\u00e9leg 2025. El evento, que se desarroll\u00f3 la noche del s\u00e1bado 15 de febrero en el coliseo de deportes de la ciudad, cont\u00f3 con la participaci\u00f3n de tres destacadas candidatas que demostraron su carisma, talento y compromiso con la comunidad.<\/p>\n\n\n\n<div class=\"wp-block-media-text is-stacked-on-mobile\"><figure class=\"wp-block-media-text__media\"><img loading=\"lazy\" decoding=\"async\" width=\"1638\" height=\"2048\" src=\"https:\/\/www.gadmunicipaldeleg.gob.ec\/wp-content\/uploads\/2025\/02\/2.jpg\" alt=\"\" class=\"wp-image-9171 size-full\"\/><\/figure><div class=\"wp-block-media-text__content\">\n<p>La gala inici\u00f3 con una coreograf\u00eda de apertura en la que las candidatas lucieron trajes en tono plata, de dise\u00f1o elegante y sofisticado. Posteriormente, cada una de ellas particip\u00f3 en la presentaci\u00f3n de traje t\u00edpico, donde se rindieron homenajes a diversas culturas de nuestro pa\u00eds:<\/p>\n\n\n\n<p>Johanna Sol\u00eds, representante del GAD parroquial de Solano, llev\u00f3 un atuendo tradicional de la mujer cayambi, reflejando la identidad y la cosmovisi\u00f3n de este pueblo ind\u00edgena.<\/p>\n\n\n\n<p>Daniela Mej\u00eda, representante de la compa\u00f1\u00eda de taxis San Sebasti\u00e1n, visti\u00f3 un traje del pueblo Cayambe, resaltando la memoria hist\u00f3rica y la victoria de esta comunidad.<\/p>\n\n\n\n<p>Anah\u00ed Cabrera, representante de la Unidad Educativa Vicente Anda Aguirre, rindi\u00f3 homenaje a la mujer toquillera del cant\u00f3n D\u00e9leg, destacando la riqueza cultural de la etnia ca\u00f1ari.<\/p>\n\n\n\n<p>La elegancia fue protagonista en la presentaci\u00f3n de traje de gala, donde cada candidata deslumbr\u00f3 con vestimentas de dise\u00f1o exclusivo. Finalmente, en la ronda de preguntas, las participantes expusieron su visi\u00f3n y propuestas de trabajo en caso de ser electas, demostrando su compromiso con el desarrollo del cant\u00f3n.<\/p>\n<\/div><\/div>\n\n\n\n<p>El alcalde Hendri Tito, en su intervenci\u00f3n, destac\u00f3 la inteligencia, carisma y liderazgo de las candidatas, cualidades que llenan de esperanza a la comunidad. \u00abM\u00e1s all\u00e1 del t\u00edtulo que esta noche se otorga, cada una de ustedes ya es una reina, porque su valent\u00eda, su esfuerzo y su amor por D\u00e9leg las hacen dignas representantes de nuestra tierra\u00bb, enfatiz\u00f3.<\/p>\n\n\n\n<div class=\"wp-block-media-text has-media-on-the-right is-stacked-on-mobile\"><div class=\"wp-block-media-text__content\">\n<p>Tras la deliberaci\u00f3n del jurado, los resultados fueron los siguientes:<\/p>\n\n\n\n<p>Anah\u00ed Cabrera: Reina de D\u00e9leg 2025<\/p>\n\n\n\n<p>Johanna Sol\u00eds: Virreina del cant\u00f3n<\/p>\n\n\n\n<p>Daniela Mej\u00eda: Se\u00f1orita Turismo Las nuevas soberanas tendr\u00e1n el honor de presidir las festividades programadas en conmemoraci\u00f3n de los 33 a\u00f1os de vida pol\u00edtica-administrativa del cant\u00f3n D\u00e9leg<\/p>\n<\/div><figure class=\"wp-block-media-text__media\"><img loading=\"lazy\" decoding=\"async\" width=\"4032\" height=\"3024\" src=\"https:\/\/www.gadmunicipaldeleg.gob.ec\/wp-content\/uploads\/2025\/02\/20250215_223621.jpg\" alt=\"\" class=\"wp-image-9172 size-full\"\/><\/figure><\/div>\n\n\n\n<p>El evento fue amenizado con la participaci\u00f3n musical de la reconocida agrupaci\u00f3n Centauro de Ecuador y el talento local representado por Jos\u00e9 Molina y Kelly Quizpi, quienes deleitaron al p\u00fablico con sus interpretaciones.<\/p>\n","protected":false},"excerpt":{"rendered":"<p>En una noche llena de elegancia y tradici\u00f3n, Anah\u00ed Jhuliana Cabrera Nieves fue coronada como la nueva Reina de D\u00e9leg 2025. El evento, que se desarroll\u00f3 la noche del s\u00e1bado 15 de febrero en el coliseo de deportes de la ciudad, cont\u00f3 con la participaci\u00f3n de tres destacadas candidatas que demostraron su carisma, talento y [&hellip;]<\/p>\n","protected":false},"author":3,"featured_media":9173,"comment_status":"open","ping_status":"open","sticky":false,"template":"","format":"standard","meta":{"_monsterinsights_skip_tracking":false,"_monsterinsights_sitenote_active":false,"_monsterinsights_sitenote_note":"","_monsterinsights_sitenote_category":0,"footnotes":""},"categories":[241],"tags":[],"class_list":["post-9170","post","type-post","status-publish","format-standard","has-post-thumbnail","hentry","category-varios"],"_links":{"self":[{"href":"https:\/\/www.gadmunicipaldeleg.gob.ec\/index.php?rest_route=\/wp\/v2\/posts\/9170","targetHints":{"allow":["GET"]}}],"collection":[{"href":"https:\/\/www.gadmunicipaldeleg.gob.ec\/index.php?rest_route=\/wp\/v2\/posts"}],"about":[{"href":"https:\/\/www.gadmunicipaldeleg.gob.ec\/index.php?rest_route=\/wp\/v2\/types\/post"}],"author":[{"embeddable":true,"href":"https:\/\/www.gadmunicipaldeleg.gob.ec\/index.php?rest_route=\/wp\/v2\/users\/3"}],"replies":[{"embeddable":true,"href":"https:\/\/www.gadmunicipaldeleg.gob.ec\/index.php?rest_route=%2Fwp%2Fv2%2Fcomments&post=9170"}],"version-history":[{"count":1,"href":"https:\/\/www.gadmunicipaldeleg.gob.ec\/index.php?rest_route=\/wp\/v2\/posts\/9170\/revisions"}],"predecessor-version":[{"id":9174,"href":"https:\/\/www.gadmunicipaldeleg.gob.ec\/index.php?rest_route=\/wp\/v2\/posts\/9170\/revisions\/9174"}],"wp:featuredmedia":[{"embeddable":true,"href":"https:\/\/www.gadmunicipaldeleg.gob.ec\/index.php?rest_route=\/wp\/v2\/media\/9173"}],"wp:attachment":[{"href":"https:\/\/www.gadmunicipaldeleg.gob.ec\/index.php?rest_route=%2Fwp%2Fv2%2Fmedia&parent=9170"}],"wp:term":[{"taxonomy":"category","embeddable":true,"href":"https:\/\/www.gadmunicipaldeleg.gob.ec\/index.php?rest_route=%2Fwp%2Fv2%2Fcategories&post=9170"},{"taxonomy":"post_tag","embeddable":true,"href":"https:\/\/www.gadmunicipaldeleg.gob.ec\/index.php?rest_route=%2Fwp%2Fv2%2Ftags&post=9170"}],"curies":[{"name":"wp","href":"https:\/\/api.w.org\/{rel}","templated":true}]}}