{"id":8192,"date":"2024-10-16T15:52:18","date_gmt":"2024-10-16T20:52:18","guid":{"rendered":"https:\/\/www.gadmunicipaldeleg.gob.ec\/?p=8192"},"modified":"2024-10-16T15:52:20","modified_gmt":"2024-10-16T20:52:20","slug":"convenio-para-apoyar-a-pacientes-con-enfermedades-catastroficas","status":"publish","type":"post","link":"https:\/\/www.gadmunicipaldeleg.gob.ec\/?p=8192","title":{"rendered":"Convenio para apoyar a pacientes con enfermedades catastr\u00f3ficas."},"content":{"rendered":"\n<p>La ma\u00f1ana de este mi\u00e9rcoles 16 de octubre el alcalde D\u00e9leg Hendri Tito firm\u00f3 un Convenio de Cooperaci\u00f3n Interinstitucional con la Asociaci\u00f3n Pro-Desarrollo Social Integral (APRODSI) con el objetivo de implementar un programa integral que ofrezca apoyo, asistencia y empoderamiento a pacientes con enfermedades catastr\u00f3ficas o raras y a sus familias en el cant\u00f3n D\u00e9leg.<\/p>\n\n\n\n<div class=\"wp-block-media-text is-stacked-on-mobile\"><figure class=\"wp-block-media-text__media\"><img loading=\"lazy\" decoding=\"async\" width=\"4837\" height=\"2991\" src=\"https:\/\/www.gadmunicipaldeleg.gob.ec\/wp-content\/uploads\/2024\/10\/5.jpg\" alt=\"\" class=\"wp-image-8193 size-full\"\/><\/figure><div class=\"wp-block-media-text__content\">\n<p>La firma se realiz\u00f3 en la ciudad de Cuenca, en el marco del desarrollo de eventos por conmemoraci\u00f3n del d\u00eda de la lucha contra el c\u00e1ncer de mama y en donde el alcalde Hendri Tito destac\u00f3 la importancia de este convenio, pues en este cant\u00f3n, aunque no se conocen datos estad\u00edsticos que den cuentan del grado de crecimiento de estas enfermedades, es real la existencia de este padecimiento entre las familias de esta jurisdicci\u00f3n; por ello destac\u00f3 que uno de los objetivos espec\u00edficos ser\u00eda: Generar proceso de acompa\u00f1amiento y asistencia psicosocial a familias y personas con estas enfermedades.<\/p>\n<\/div><\/div>\n\n\n\n<p>\u201cEs fundamental buscar aliados estrat\u00e9gicos para atender a los pacientes de enfermedades catastr\u00f3ficas y sus familias\u201d dice el alcalde, pues estas enfermedades son patolog\u00edas de curso cr\u00f3nico que suponen un alto riesgo para la vida de la persona, cuyo tratamiento es costoso y prolongado generando un gran impacto social.<\/p>\n\n\n\n<div class=\"wp-block-media-text has-media-on-the-right is-stacked-on-mobile\"><div class=\"wp-block-media-text__content\">\n<p>De su parte, la representante legal de Asociaci\u00f3n Pro-Desarrollo Social Integral, Mar\u00eda Fernanda Jimbo; explic\u00f3 que APRODSI es una asociaci\u00f3n de derecho, sin fines de lucro que se dedica a la defensa, promoci\u00f3n, prevenci\u00f3n, coordinaci\u00f3n de programas y servicios de las personas con enfermedades catastr\u00f3ficas, raras o hu\u00e9rfanas: de all\u00ed que entre las principales actividades a desarrollarse est\u00e1n:<\/p>\n<\/div><figure class=\"wp-block-media-text__media\"><img loading=\"lazy\" decoding=\"async\" width=\"4139\" height=\"2896\" src=\"https:\/\/www.gadmunicipaldeleg.gob.ec\/wp-content\/uploads\/2024\/10\/B-copia.jpg\" alt=\"\" class=\"wp-image-8194 size-full\"\/><\/figure><\/div>\n\n\n\n<p>\u2022&nbsp;&nbsp;&nbsp;&nbsp;&nbsp;&nbsp;&nbsp;&nbsp;&nbsp; &#8211;&nbsp; Brindar apoyo psicol\u00f3gico y emocional a pacientes y sus familias para ayudarles a afrontar el estr\u00e9s, la ansiedad y la depresi\u00f3n asociados con la enfermedad.<\/p>\n\n\n\n<p>\u2022&nbsp;&nbsp;&nbsp;&nbsp;&nbsp;&nbsp;&nbsp;&nbsp;&nbsp; &#8211;&nbsp; Mejorar la calidad de vida de los pacientes mediante la implementaci\u00f3n de programas de bienestar f\u00edsico y cuidado paliativo, adaptados a sus necesidades espec\u00edficas.<\/p>\n\n\n\n<p>\u2022&nbsp;&nbsp;&nbsp;&nbsp;&nbsp;&nbsp;&nbsp;&nbsp;&nbsp; &#8211;&nbsp; Crear una red de apoyo entre pacientes que permita compartir experiencias y estrategias de afrontamiento, fortaleciendo el sentido de comunidad y apoyo mutuo.<\/p>\n\n\n\n<p>Todo esto se har\u00e1 por etapas y con actividades espec\u00edficas durante los 42 meses que tendr\u00e1 de vigencia el convenio. La ejecuci\u00f3n del convenio empezar\u00e1 en los pr\u00f3ximos d\u00edas. La cuant\u00eda del presente compromiso es de USD 6,925.00 d\u00f3lares de los cuales el Municipio aportar\u00e1 con USD 2.000 d\u00f3lares y APRODSI aportar\u00e1 con USD 4,925.00 d\u00f3lares.<\/p>\n","protected":false},"excerpt":{"rendered":"<p>La ma\u00f1ana de este mi\u00e9rcoles 16 de octubre el alcalde D\u00e9leg Hendri Tito firm\u00f3 un Convenio de Cooperaci\u00f3n Interinstitucional con la Asociaci\u00f3n Pro-Desarrollo Social Integral (APRODSI) con el objetivo de implementar un programa integral que ofrezca apoyo, asistencia y empoderamiento a pacientes con enfermedades catastr\u00f3ficas o raras y a sus familias en el cant\u00f3n D\u00e9leg. [&hellip;]<\/p>\n","protected":false},"author":3,"featured_media":8195,"comment_status":"open","ping_status":"open","sticky":true,"template":"","format":"standard","meta":{"_monsterinsights_skip_tracking":false,"_monsterinsights_sitenote_active":false,"_monsterinsights_sitenote_note":"","_monsterinsights_sitenote_category":0,"footnotes":""},"categories":[236],"tags":[],"class_list":["post-8192","post","type-post","status-publish","format-standard","has-post-thumbnail","hentry","category-obras"],"_links":{"self":[{"href":"https:\/\/www.gadmunicipaldeleg.gob.ec\/index.php?rest_route=\/wp\/v2\/posts\/8192","targetHints":{"allow":["GET"]}}],"collection":[{"href":"https:\/\/www.gadmunicipaldeleg.gob.ec\/index.php?rest_route=\/wp\/v2\/posts"}],"about":[{"href":"https:\/\/www.gadmunicipaldeleg.gob.ec\/index.php?rest_route=\/wp\/v2\/types\/post"}],"author":[{"embeddable":true,"href":"https:\/\/www.gadmunicipaldeleg.gob.ec\/index.php?rest_route=\/wp\/v2\/users\/3"}],"replies":[{"embeddable":true,"href":"https:\/\/www.gadmunicipaldeleg.gob.ec\/index.php?rest_route=%2Fwp%2Fv2%2Fcomments&post=8192"}],"version-history":[{"count":1,"href":"https:\/\/www.gadmunicipaldeleg.gob.ec\/index.php?rest_route=\/wp\/v2\/posts\/8192\/revisions"}],"predecessor-version":[{"id":8196,"href":"https:\/\/www.gadmunicipaldeleg.gob.ec\/index.php?rest_route=\/wp\/v2\/posts\/8192\/revisions\/8196"}],"wp:featuredmedia":[{"embeddable":true,"href":"https:\/\/www.gadmunicipaldeleg.gob.ec\/index.php?rest_route=\/wp\/v2\/media\/8195"}],"wp:attachment":[{"href":"https:\/\/www.gadmunicipaldeleg.gob.ec\/index.php?rest_route=%2Fwp%2Fv2%2Fmedia&parent=8192"}],"wp:term":[{"taxonomy":"category","embeddable":true,"href":"https:\/\/www.gadmunicipaldeleg.gob.ec\/index.php?rest_route=%2Fwp%2Fv2%2Fcategories&post=8192"},{"taxonomy":"post_tag","embeddable":true,"href":"https:\/\/www.gadmunicipaldeleg.gob.ec\/index.php?rest_route=%2Fwp%2Fv2%2Ftags&post=8192"}],"curies":[{"name":"wp","href":"https:\/\/api.w.org\/{rel}","templated":true}]}}