{"id":8171,"date":"2024-09-20T08:19:16","date_gmt":"2024-09-20T13:19:16","guid":{"rendered":"https:\/\/www.gadmunicipaldeleg.gob.ec\/?p=8171"},"modified":"2024-09-20T08:19:18","modified_gmt":"2024-09-20T13:19:18","slug":"curso-de-gastronomia-fomenta-el-emprendimiento-en-deleg","status":"publish","type":"post","link":"https:\/\/www.gadmunicipaldeleg.gob.ec\/?p=8171","title":{"rendered":"Curso de gastronom\u00eda fomenta el emprendimiento en D\u00e9leg."},"content":{"rendered":"\n<p>Con gran entusiasmo se dio inicio en la presente semana el curso te\u00f3rico-pr\u00e1ctico de Gastronom\u00eda en la ciudad de D\u00e9leg, una iniciativa que busca fomentar el emprendimiento local y potenciar las capacidades culinarias de los participantes. Este curso es posible gracias al apoyo de la Prefectura del Ca\u00f1ar, en coordinaci\u00f3n con el Municipio de D\u00e9leg, y forma parte de los esfuerzos conjuntos de ambas entidades por promover el desarrollo econ\u00f3mico y tur\u00edstico de la regi\u00f3n.<\/p>\n\n\n\n<div class=\"wp-block-media-text is-stacked-on-mobile\"><figure class=\"wp-block-media-text__media\"><img loading=\"lazy\" decoding=\"async\" width=\"5184\" height=\"3456\" src=\"https:\/\/www.gadmunicipaldeleg.gob.ec\/wp-content\/uploads\/2024\/09\/IMG_6235.jpg\" alt=\"\" class=\"wp-image-8172 size-full\"\/><\/figure><div class=\"wp-block-media-text__content\">\n<p>El curso, que tendr\u00e1 una duraci\u00f3n de tres semanas, ofrece una formaci\u00f3n intensiva a trav\u00e9s de la cual los asistentes aprender\u00e1n no solo t\u00e9cnicas culinarias, sino tambi\u00e9n herramientas clave para la gesti\u00f3n de negocios gastron\u00f3micos. Entre los m\u00f3dulos a impartir, destacan la elaboraci\u00f3n de presupuestos y estrategias de marketing, con el objetivo de que los participantes puedan generar sus propios emprendimientos y contribuir al dinamismo econ\u00f3mico de la comunidad.<\/p>\n<\/div><\/div>\n\n\n\n<p>Uno de los principales objetivos del curso es brindar a los participantes el conocimiento necesario para que puedan emprender en el sector gastron\u00f3mico, aprovechando los productos locales y las tradiciones culinarias de la provincia del Ca\u00f1ar. La capacitaci\u00f3n en la elaboraci\u00f3n de presupuestos permitir\u00e1 a los futuros emprendedores manejar de manera eficiente los recursos econ\u00f3micos en la creaci\u00f3n y gesti\u00f3n de sus negocios. Por otro lado, el componente de marketing estar\u00e1 enfocado en ense\u00f1ar estrategias para posicionar sus emprendimientos en el mercado local y regional.<\/p>\n\n\n\n<div class=\"wp-block-media-text has-media-on-the-right is-stacked-on-mobile\"><div class=\"wp-block-media-text__content\">\n<p>El ingeniero Patricio S\u00e1nchez del \u00e1rea productiva de la Prefectura del Ca\u00f1ar, destac\u00f3 durante la apertura del curso la importancia de generar oportunidades de capacitaci\u00f3n en \u00e1reas clave como la gastronom\u00eda, que no solo impulsa el turismo, sino que tambi\u00e9n es un motor de crecimiento econ\u00f3mico. \u201cEste curso representa un paso importante en la formaci\u00f3n de nuevos emprendedores que, con su talento y dedicaci\u00f3n, podr\u00e1n transformar el sector gastron\u00f3mico de nuestra provincia\u201d, afirm\u00f3.<\/p>\n\n\n\n<p>Por su parte, el alcalde de D\u00e9leg, Hendri Tito, resalt\u00f3 la importancia de la colaboraci\u00f3n entre la Prefectura y el Municipio para el desarrollo de proyectos que impacten positivamente en la comunidad. \u201cEstamos convencidos de que este tipo de capacitaciones son esenciales para fortalecer la econom\u00eda local y ofrecer a<\/p>\n\n\n\n<p>nuestros ciudadanos nuevas herramientas que les permitan crecer profesionalmente\u201d, mencion\u00f3.<\/p>\n<\/div><figure class=\"wp-block-media-text__media\"><img loading=\"lazy\" decoding=\"async\" width=\"1600\" height=\"1200\" src=\"https:\/\/www.gadmunicipaldeleg.gob.ec\/wp-content\/uploads\/2024\/09\/WhatsApp-Image-2024-09-19-at-8.32.50-AM-2.jpeg\" alt=\"\" class=\"wp-image-8173 size-full\"\/><\/figure><\/div>\n\n\n\n<p>El curso de Gastronom\u00eda ha generado gran expectativa en la comunidad, con una importante acogida por parte de jefas de hogar, propietarios de peque\u00f1os restaurantes y emprendedores interesados en mejorar sus habilidades culinarias. Se espera que, al finalizar las tres semanas de formaci\u00f3n, los participantes puedan aplicar lo aprendido en sus propios proyectos, contribuyendo al fortalecimiento del sector gastron\u00f3mico en D\u00e9leg y sus alrededores.<\/p>\n","protected":false},"excerpt":{"rendered":"<p>Con gran entusiasmo se dio inicio en la presente semana el curso te\u00f3rico-pr\u00e1ctico de Gastronom\u00eda en la ciudad de D\u00e9leg, una iniciativa que busca fomentar el emprendimiento local y potenciar las capacidades culinarias de los participantes. Este curso es posible gracias al apoyo de la Prefectura del Ca\u00f1ar, en coordinaci\u00f3n con el Municipio de D\u00e9leg, [&hellip;]<\/p>\n","protected":false},"author":3,"featured_media":8174,"comment_status":"open","ping_status":"open","sticky":true,"template":"","format":"standard","meta":{"_monsterinsights_skip_tracking":false,"_monsterinsights_sitenote_active":false,"_monsterinsights_sitenote_note":"","_monsterinsights_sitenote_category":0,"footnotes":""},"categories":[236],"tags":[],"class_list":["post-8171","post","type-post","status-publish","format-standard","has-post-thumbnail","hentry","category-obras"],"_links":{"self":[{"href":"https:\/\/www.gadmunicipaldeleg.gob.ec\/index.php?rest_route=\/wp\/v2\/posts\/8171","targetHints":{"allow":["GET"]}}],"collection":[{"href":"https:\/\/www.gadmunicipaldeleg.gob.ec\/index.php?rest_route=\/wp\/v2\/posts"}],"about":[{"href":"https:\/\/www.gadmunicipaldeleg.gob.ec\/index.php?rest_route=\/wp\/v2\/types\/post"}],"author":[{"embeddable":true,"href":"https:\/\/www.gadmunicipaldeleg.gob.ec\/index.php?rest_route=\/wp\/v2\/users\/3"}],"replies":[{"embeddable":true,"href":"https:\/\/www.gadmunicipaldeleg.gob.ec\/index.php?rest_route=%2Fwp%2Fv2%2Fcomments&post=8171"}],"version-history":[{"count":1,"href":"https:\/\/www.gadmunicipaldeleg.gob.ec\/index.php?rest_route=\/wp\/v2\/posts\/8171\/revisions"}],"predecessor-version":[{"id":8175,"href":"https:\/\/www.gadmunicipaldeleg.gob.ec\/index.php?rest_route=\/wp\/v2\/posts\/8171\/revisions\/8175"}],"wp:featuredmedia":[{"embeddable":true,"href":"https:\/\/www.gadmunicipaldeleg.gob.ec\/index.php?rest_route=\/wp\/v2\/media\/8174"}],"wp:attachment":[{"href":"https:\/\/www.gadmunicipaldeleg.gob.ec\/index.php?rest_route=%2Fwp%2Fv2%2Fmedia&parent=8171"}],"wp:term":[{"taxonomy":"category","embeddable":true,"href":"https:\/\/www.gadmunicipaldeleg.gob.ec\/index.php?rest_route=%2Fwp%2Fv2%2Fcategories&post=8171"},{"taxonomy":"post_tag","embeddable":true,"href":"https:\/\/www.gadmunicipaldeleg.gob.ec\/index.php?rest_route=%2Fwp%2Fv2%2Ftags&post=8171"}],"curies":[{"name":"wp","href":"https:\/\/api.w.org\/{rel}","templated":true}]}}