{"id":8127,"date":"2024-09-06T09:24:09","date_gmt":"2024-09-06T14:24:09","guid":{"rendered":"https:\/\/www.gadmunicipaldeleg.gob.ec\/?p=8127"},"modified":"2024-09-06T09:26:49","modified_gmt":"2024-09-06T14:26:49","slug":"se-inaugura-punto-digital-gratuito-en-deleg","status":"publish","type":"post","link":"https:\/\/www.gadmunicipaldeleg.gob.ec\/?p=8127","title":{"rendered":"Se inaugura Punto Digital Gratuito en D\u00e9leg"},"content":{"rendered":"\n<p>Con la realizaci\u00f3n de un evento p\u00fablico, La viceministra de Telecomunicaciones y Sociedad de la Informaci\u00f3n ingeniera Vicenta Mac\u00edas y el alcalde de D\u00e9leg Se\u00f1or Hendri Tito, se inaugur\u00f3 este jueves 5 de agosto la repotenciaci\u00f3n del Punto Digital Gratuito para D\u00e9leg.<\/p>\n\n\n\n<p>El proyecto puntos digitales gratuitos que impulsa el Ministerio de Telecomunicaciones y de la Sociedad de la Informaci\u00f3n, se definen como espacios sociales donde se garantizan el acceso de los usuarios a las Tecnolog\u00edas de la Informaci\u00f3n y Comunicaci\u00f3n, a trav\u00e9s de equipamiento inform\u00e1tico e internet; apalancando la participaci\u00f3n, organizaci\u00f3n y el protagonismo de los sectores populares, en el contexto de un desarrollo social integrado y estructurado. Con este servicio se busca brindar acceso universal y democratizar las TIC.<\/p>\n\n\n\n<div class=\"wp-block-media-text is-stacked-on-mobile\"><figure class=\"wp-block-media-text__media\"><img loading=\"lazy\" decoding=\"async\" width=\"5184\" height=\"3456\" src=\"https:\/\/www.gadmunicipaldeleg.gob.ec\/wp-content\/uploads\/2024\/09\/6.jpg\" alt=\"\" class=\"wp-image-8128 size-full\"\/><\/figure><div class=\"wp-block-media-text__content\">\n<p>Gracias a la decisi\u00f3n del alcalde del cant\u00f3n, Hendri D\u00e9leg, se gestion\u00f3 la implementaci\u00f3n de este punto digital en la ciudad de D\u00e9leg, para ello, el primer personero municipal en su intervenci\u00f3n destac\u00f3 que la entidad municipal est\u00e1 aportando con el equipamiento inform\u00e1tico; 11 computadoras, reguladores de voltaje, c\u00e1mara, parlantes, una impresora, proyector, televisor, pizarra, mobiliario, pago del local para el funcionamiento del punto digital y sus servicios b\u00e1sicos. Adem\u00e1s, se promover\u00e1 ante la colectividad el uso de este servicio y existe toda la predisposici\u00f3n para trabajar coordinadamente en proyectos que fortalezcan el conocimiento.<\/p>\n\n\n\n<p><\/p>\n<\/div><\/div>\n\n\n\n<p>Son prop\u00f3sitos del punto Digital; Fomentar el conocimiento y uso de las TIC para disminuir la brecha digital, fomentar la innovaci\u00f3n y el emprendimiento, promover el uso de los servicios gubernamentales en l\u00ednea, apoyar a la prevenci\u00f3n de problem\u00e1ticas sociales y motivar a la creaci\u00f3n de proyectos y soluciones tecnol\u00f3gicos.<\/p>\n\n\n\n<div class=\"wp-block-media-text is-stacked-on-mobile\"><figure class=\"wp-block-media-text__media\"><img loading=\"lazy\" decoding=\"async\" width=\"5184\" height=\"3456\" src=\"https:\/\/www.gadmunicipaldeleg.gob.ec\/wp-content\/uploads\/2024\/09\/3.jpg\" alt=\"\" class=\"wp-image-8129 size-full\"\/><\/figure><div class=\"wp-block-media-text__content\">\n<p>De su parte la viceministra Vicenta Mac\u00edas en su alocuci\u00f3n inaugural manifest\u00f3 que, al repotenciar el Punto Digital Gratuito D\u00e9leg, en la provincia de Ca\u00f1ar se est\u00e1 beneficiando a m\u00e1s de 4.200 usuarios; pues ya son 11 PDG en la provincia que acercan la tecnolog\u00eda a nuestra gente y se espera que el servicio siga creciendo. \u201cEl acceso digital es poder, y estamos listos para aprovecharlo\u201d, puntualiz\u00f3.<\/p>\n<\/div><\/div>\n\n\n\n<div class=\"wp-block-media-text is-stacked-on-mobile\"><figure class=\"wp-block-media-text__media\"><img loading=\"lazy\" decoding=\"async\" width=\"5184\" height=\"3456\" src=\"https:\/\/www.gadmunicipaldeleg.gob.ec\/wp-content\/uploads\/2024\/09\/IMG_5368.jpg\" alt=\"\" class=\"wp-image-8130 size-full\"\/><\/figure><div class=\"wp-block-media-text__content\">\n<p>Luego del acto inaugural las autoridades realizaron un recorrido por las instalaciones donde funcionar\u00e1 el punto digital, destacando que la atenci\u00f3n al p\u00fablico se realizar\u00e1 de lunes a viernes en horario de 08h00 a 17h00 con una hora de receso de 13 a 14 horas.<\/p>\n\n\n\n<p>El evento inaugural cont\u00f3 adem\u00e1s con la presentaci\u00f3n de una danza folcl\u00f3rica y un artista invitado, as\u00ed como tambi\u00e9n la realizaci\u00f3n de una feria de emprendedores organizada por los facilitadores de las provincias de Azuay y Ca\u00f1ar.<\/p>\n<\/div><\/div>\n","protected":false},"excerpt":{"rendered":"<p>Con la realizaci\u00f3n de un evento p\u00fablico, La viceministra de Telecomunicaciones y Sociedad de la Informaci\u00f3n ingeniera Vicenta Mac\u00edas y el alcalde de D\u00e9leg Se\u00f1or Hendri Tito, se inaugur\u00f3 este jueves 5 de agosto la repotenciaci\u00f3n del Punto Digital Gratuito para D\u00e9leg. El proyecto puntos digitales gratuitos que impulsa el Ministerio de Telecomunicaciones y de [&hellip;]<\/p>\n","protected":false},"author":3,"featured_media":8131,"comment_status":"open","ping_status":"open","sticky":true,"template":"","format":"standard","meta":{"_monsterinsights_skip_tracking":false,"_monsterinsights_sitenote_active":false,"_monsterinsights_sitenote_note":"","_monsterinsights_sitenote_category":0,"footnotes":""},"categories":[236],"tags":[],"class_list":["post-8127","post","type-post","status-publish","format-standard","has-post-thumbnail","hentry","category-obras"],"_links":{"self":[{"href":"https:\/\/www.gadmunicipaldeleg.gob.ec\/index.php?rest_route=\/wp\/v2\/posts\/8127","targetHints":{"allow":["GET"]}}],"collection":[{"href":"https:\/\/www.gadmunicipaldeleg.gob.ec\/index.php?rest_route=\/wp\/v2\/posts"}],"about":[{"href":"https:\/\/www.gadmunicipaldeleg.gob.ec\/index.php?rest_route=\/wp\/v2\/types\/post"}],"author":[{"embeddable":true,"href":"https:\/\/www.gadmunicipaldeleg.gob.ec\/index.php?rest_route=\/wp\/v2\/users\/3"}],"replies":[{"embeddable":true,"href":"https:\/\/www.gadmunicipaldeleg.gob.ec\/index.php?rest_route=%2Fwp%2Fv2%2Fcomments&post=8127"}],"version-history":[{"count":1,"href":"https:\/\/www.gadmunicipaldeleg.gob.ec\/index.php?rest_route=\/wp\/v2\/posts\/8127\/revisions"}],"predecessor-version":[{"id":8132,"href":"https:\/\/www.gadmunicipaldeleg.gob.ec\/index.php?rest_route=\/wp\/v2\/posts\/8127\/revisions\/8132"}],"wp:featuredmedia":[{"embeddable":true,"href":"https:\/\/www.gadmunicipaldeleg.gob.ec\/index.php?rest_route=\/wp\/v2\/media\/8131"}],"wp:attachment":[{"href":"https:\/\/www.gadmunicipaldeleg.gob.ec\/index.php?rest_route=%2Fwp%2Fv2%2Fmedia&parent=8127"}],"wp:term":[{"taxonomy":"category","embeddable":true,"href":"https:\/\/www.gadmunicipaldeleg.gob.ec\/index.php?rest_route=%2Fwp%2Fv2%2Fcategories&post=8127"},{"taxonomy":"post_tag","embeddable":true,"href":"https:\/\/www.gadmunicipaldeleg.gob.ec\/index.php?rest_route=%2Fwp%2Fv2%2Ftags&post=8127"}],"curies":[{"name":"wp","href":"https:\/\/api.w.org\/{rel}","templated":true}]}}