{"id":7206,"date":"2023-09-22T13:10:19","date_gmt":"2023-09-22T18:10:19","guid":{"rendered":"https:\/\/www.gadmunicipaldeleg.gob.ec\/?p=7206"},"modified":"2023-09-22T13:10:22","modified_gmt":"2023-09-22T18:10:22","slug":"municipio-asfaltara-vias-centricas-de-bayandel","status":"publish","type":"post","link":"https:\/\/www.gadmunicipaldeleg.gob.ec\/?p=7206","title":{"rendered":"Municipio asfaltar\u00e1 v\u00edas c\u00e9ntricas de Bayandel"},"content":{"rendered":"\n<p>Con \u00e9xito se desarroll\u00f3 la socializaci\u00f3n del proyecto para la obra denominada CARPETA ASF\u00c1LTICA DE LAS CALLES C\u00c9NTRICAS DE BAYANDEL, una de las aspiraciones m\u00e1s anheladas por los habitantes de esta importante parroquia eclesi\u00e1stica del cant\u00f3n.<\/p>\n\n\n\n<div class=\"wp-block-media-text has-media-on-the-right is-stacked-on-mobile\"><div class=\"wp-block-media-text__content\">\n<p>La socializaci\u00f3n se desarroll\u00f3 en la casa comunal de San Jos\u00e9 de Bayandel y cont\u00f3 con la presencia del alcalde Hendri Tito, su equipo t\u00e9cnico de Obras P\u00fablicas y Agua Potable, y la participaci\u00f3n directa de directivos, moradores y frentistas de la arteria vial a ser intervenida.<\/p>\n\n\n\n<p><\/p>\n<\/div><figure class=\"wp-block-media-text__media\"><img loading=\"lazy\" decoding=\"async\" width=\"1024\" height=\"699\" src=\"https:\/\/www.gadmunicipaldeleg.gob.ec\/wp-content\/uploads\/2023\/09\/3-1024x699.jpg\" alt=\"\" class=\"wp-image-7207 size-full\" srcset=\"https:\/\/www.gadmunicipaldeleg.gob.ec\/wp-content\/uploads\/2023\/09\/3-1024x699.jpg 1024w, https:\/\/www.gadmunicipaldeleg.gob.ec\/wp-content\/uploads\/2023\/09\/3-300x205.jpg 300w, https:\/\/www.gadmunicipaldeleg.gob.ec\/wp-content\/uploads\/2023\/09\/3-768x524.jpg 768w, https:\/\/www.gadmunicipaldeleg.gob.ec\/wp-content\/uploads\/2023\/09\/3-1536x1048.jpg 1536w, https:\/\/www.gadmunicipaldeleg.gob.ec\/wp-content\/uploads\/2023\/09\/3-2048x1398.jpg 2048w\" sizes=\"auto, (max-width: 1024px) 100vw, 1024px\" \/><\/figure><\/div>\n\n\n\n<p>El objeto contractual del proceso de contrataci\u00f3n es carpeta asf\u00e1ltica de las calles c\u00e9ntricas de Bayandel comprende la colocaci\u00f3n de carpeta asf\u00e1ltica m\u00e1s rubros de alcantarillado pluvial en alrededor de 650 metros de longitud de la calle sin nombre que conduce desde el cementerio hasta la intersecci\u00f3n con la v\u00eda que conecta a Dutasay; carretera que actualmente se encuentra a nivel de lastre y en muy malas condiciones de circulaci\u00f3n, adem\u00e1s, se realizar\u00e1 un bacheo asf\u00e1ltico en varias otras calles del centro comunitario.<\/p>\n\n\n\n<p>La inversi\u00f3n estimada bordea los 250 mil d\u00f3lares, se espera iniciar los trabajos en el mes de noviembre, con un plazo de ejecuci\u00f3n de 90 d\u00edas, para ello se realiza ya el proceso de contrataci\u00f3n, as\u00ed como la elaboraci\u00f3n del convenio de concurrencia con la Prefectura del Ca\u00f1ar; quienes son los competentes para intervenir en las zonas rurales y que se han comprometido en autorizar\u00e1n la intervenci\u00f3n municipal.<\/p>\n\n\n\n<div class=\"wp-block-media-text is-stacked-on-mobile\"><figure class=\"wp-block-media-text__media\"><img loading=\"lazy\" decoding=\"async\" width=\"1024\" height=\"638\" src=\"https:\/\/www.gadmunicipaldeleg.gob.ec\/wp-content\/uploads\/2023\/09\/2-1024x638.jpg\" alt=\"\" class=\"wp-image-7208 size-full\" srcset=\"https:\/\/www.gadmunicipaldeleg.gob.ec\/wp-content\/uploads\/2023\/09\/2-1024x638.jpg 1024w, https:\/\/www.gadmunicipaldeleg.gob.ec\/wp-content\/uploads\/2023\/09\/2-300x187.jpg 300w, https:\/\/www.gadmunicipaldeleg.gob.ec\/wp-content\/uploads\/2023\/09\/2-768x479.jpg 768w, https:\/\/www.gadmunicipaldeleg.gob.ec\/wp-content\/uploads\/2023\/09\/2.jpg 1293w\" sizes=\"auto, (max-width: 1024px) 100vw, 1024px\" \/><\/figure><div class=\"wp-block-media-text__content\">\n<p>El alcalde Hendri Tito en su alocuci\u00f3n dijo que de esta manera se est\u00e1 cumpliendo con lo ofrecido en campa\u00f1a y respondiendo al clamor de la poblaci\u00f3n que cada vez que lo abordaba le solicitaban la atenci\u00f3n vial. \u201cPara nosotros lo ofrecido en campa\u00f1a es Ley, por eso desde el momento en que llegamos a la alcald\u00eda, dispusimos a nuestros t\u00e9cnicos realicen todo cuanto sea necesario para atender los requerimientos ciudadanos\u201d puntualiz\u00f3.<\/p>\n\n\n\n<p><\/p>\n<\/div><\/div>\n\n\n\n<p>De su parte la presidente de la comunidad se\u00f1ora Ana Campoverde, mostr\u00f3 su conformidad por lo expresado por los t\u00e9cnicos municipales recalcando en referencia al alcalde que \u201cCuando estuvo en campa\u00f1a \u00e9l nos ofreci\u00f3 este trabajo y hoy vemos verdaderamente que tenemos a alguien en quien confiar, que no nos ha defraudado\u201d. De igual manera la reina de San Jos\u00e9 de Bayandel Se\u00f1orita Jehennifer Heras, agradeci\u00f3 a la municipalidad por la obra que se aproxima y por todo el trabajo que en diferentes \u00e1reas se est\u00e1 realizando.<\/p>\n\n\n\n<p>De esta manera, la alcald\u00eda ciudadana de D\u00e9leg contin\u00faa cumpliendo con uno de sus principales ejes de trabajo, que consiste en atender de manera oportuna la vialidad de cant\u00f3n, misma que ha permanecido en los \u00faltimos a\u00f1os muy abandonada.<\/p>\n\n\n\n<figure class=\"wp-block-image size-large\"><img loading=\"lazy\" decoding=\"async\" width=\"1024\" height=\"493\" src=\"https:\/\/www.gadmunicipaldeleg.gob.ec\/wp-content\/uploads\/2023\/09\/1-1024x493.jpg\" alt=\"\" class=\"wp-image-7209\" srcset=\"https:\/\/www.gadmunicipaldeleg.gob.ec\/wp-content\/uploads\/2023\/09\/1-1024x493.jpg 1024w, https:\/\/www.gadmunicipaldeleg.gob.ec\/wp-content\/uploads\/2023\/09\/1-300x144.jpg 300w, https:\/\/www.gadmunicipaldeleg.gob.ec\/wp-content\/uploads\/2023\/09\/1-768x370.jpg 768w, https:\/\/www.gadmunicipaldeleg.gob.ec\/wp-content\/uploads\/2023\/09\/1-1536x740.jpg 1536w, https:\/\/www.gadmunicipaldeleg.gob.ec\/wp-content\/uploads\/2023\/09\/1-2048x986.jpg 2048w\" sizes=\"auto, (max-width: 1024px) 100vw, 1024px\" \/><\/figure>\n","protected":false},"excerpt":{"rendered":"<p>Con \u00e9xito se desarroll\u00f3 la socializaci\u00f3n del proyecto para la obra denominada CARPETA ASF\u00c1LTICA DE LAS CALLES C\u00c9NTRICAS DE BAYANDEL, una de las aspiraciones m\u00e1s anheladas por los habitantes de esta importante parroquia eclesi\u00e1stica del cant\u00f3n. La socializaci\u00f3n se desarroll\u00f3 en la casa comunal de San Jos\u00e9 de Bayandel y cont\u00f3 con la presencia del [&hellip;]<\/p>\n","protected":false},"author":3,"featured_media":7210,"comment_status":"open","ping_status":"open","sticky":false,"template":"","format":"standard","meta":{"_monsterinsights_skip_tracking":false,"_monsterinsights_sitenote_active":false,"_monsterinsights_sitenote_note":"","_monsterinsights_sitenote_category":0,"footnotes":""},"categories":[236],"tags":[],"class_list":["post-7206","post","type-post","status-publish","format-standard","has-post-thumbnail","hentry","category-obras"],"_links":{"self":[{"href":"https:\/\/www.gadmunicipaldeleg.gob.ec\/index.php?rest_route=\/wp\/v2\/posts\/7206","targetHints":{"allow":["GET"]}}],"collection":[{"href":"https:\/\/www.gadmunicipaldeleg.gob.ec\/index.php?rest_route=\/wp\/v2\/posts"}],"about":[{"href":"https:\/\/www.gadmunicipaldeleg.gob.ec\/index.php?rest_route=\/wp\/v2\/types\/post"}],"author":[{"embeddable":true,"href":"https:\/\/www.gadmunicipaldeleg.gob.ec\/index.php?rest_route=\/wp\/v2\/users\/3"}],"replies":[{"embeddable":true,"href":"https:\/\/www.gadmunicipaldeleg.gob.ec\/index.php?rest_route=%2Fwp%2Fv2%2Fcomments&post=7206"}],"version-history":[{"count":1,"href":"https:\/\/www.gadmunicipaldeleg.gob.ec\/index.php?rest_route=\/wp\/v2\/posts\/7206\/revisions"}],"predecessor-version":[{"id":7211,"href":"https:\/\/www.gadmunicipaldeleg.gob.ec\/index.php?rest_route=\/wp\/v2\/posts\/7206\/revisions\/7211"}],"wp:featuredmedia":[{"embeddable":true,"href":"https:\/\/www.gadmunicipaldeleg.gob.ec\/index.php?rest_route=\/wp\/v2\/media\/7210"}],"wp:attachment":[{"href":"https:\/\/www.gadmunicipaldeleg.gob.ec\/index.php?rest_route=%2Fwp%2Fv2%2Fmedia&parent=7206"}],"wp:term":[{"taxonomy":"category","embeddable":true,"href":"https:\/\/www.gadmunicipaldeleg.gob.ec\/index.php?rest_route=%2Fwp%2Fv2%2Fcategories&post=7206"},{"taxonomy":"post_tag","embeddable":true,"href":"https:\/\/www.gadmunicipaldeleg.gob.ec\/index.php?rest_route=%2Fwp%2Fv2%2Ftags&post=7206"}],"curies":[{"name":"wp","href":"https:\/\/api.w.org\/{rel}","templated":true}]}}