{"id":6865,"date":"2023-04-15T14:20:01","date_gmt":"2023-04-15T19:20:01","guid":{"rendered":"https:\/\/www.gadmunicipaldeleg.gob.ec\/?p=6865"},"modified":"2023-05-11T14:20:36","modified_gmt":"2023-05-11T19:20:36","slug":"deleg-recibio-a-candidatas-de-diferentes-provincias-que-participan-en-el-xiii-festival-la-toquillera-2023","status":"publish","type":"post","link":"https:\/\/www.gadmunicipaldeleg.gob.ec\/?p=6865","title":{"rendered":"D\u00e9leg recibi\u00f3 a candidatas de diferentes provincias que participan en el XIII Festival La Toquillera 2023"},"content":{"rendered":"\n<p>El cant\u00f3n D\u00e9leg fue escenario del evento XIII festival de belleza, cultura y arte Toquillera 2023.<\/p>\n\n\n\n<p>Con la visita de las delegaciones de provincias como; Azuay, Ca\u00f1ar, Sucumb\u00edos, Orellana, Chimborazo, Tungurahua, Los R\u00edos se desarroll\u00f3 el evento de gala en donde las candidatas presentaron su cultura y talento manifestados a trav\u00e9s de la danza, el baile, canto, etc.<\/p>\n\n\n\n<p>Este certamen de belleza se organiza cada a\u00f1o y esta ocasi\u00f3n nuestro cant\u00f3n particip\u00f3 con la candidatura de Mishell Carabajal, representando a la Asociaci\u00f3n de Artesanos \u201cHecho en D\u00e9leg\u201d, por otra parte, el joven delegnenese Andr\u00e9s Le\u00f3n postulaba como candidato a M\u00edster Ecoturismo.<\/p>\n\n\n\n<p>Las delegaciones visitantes se mostraron muy contentas al conocer nuestro rinc\u00f3n patrio al mismo tiempo que expresaron su admiraci\u00f3n y respeto por la historia y cultura que guarda.<\/p>\n\n\n\n<figure class=\"wp-block-gallery has-nested-images columns-default is-cropped wp-block-gallery-1 is-layout-flex wp-block-gallery-is-layout-flex\">\n<figure class=\"wp-block-image size-large\"><img loading=\"lazy\" decoding=\"async\" width=\"1024\" height=\"683\" data-id=\"6866\" src=\"https:\/\/www.gadmunicipaldeleg.gob.ec\/wp-content\/uploads\/2023\/05\/Toquilla2-1024x683.jpg\" alt=\"\" class=\"wp-image-6866\" srcset=\"https:\/\/www.gadmunicipaldeleg.gob.ec\/wp-content\/uploads\/2023\/05\/Toquilla2-1024x683.jpg 1024w, https:\/\/www.gadmunicipaldeleg.gob.ec\/wp-content\/uploads\/2023\/05\/Toquilla2-300x200.jpg 300w, https:\/\/www.gadmunicipaldeleg.gob.ec\/wp-content\/uploads\/2023\/05\/Toquilla2-768x512.jpg 768w, https:\/\/www.gadmunicipaldeleg.gob.ec\/wp-content\/uploads\/2023\/05\/Toquilla2-1536x1024.jpg 1536w, https:\/\/www.gadmunicipaldeleg.gob.ec\/wp-content\/uploads\/2023\/05\/Toquilla2.jpg 2048w\" sizes=\"auto, (max-width: 1024px) 100vw, 1024px\" \/><\/figure>\n\n\n\n<figure class=\"wp-block-image size-large\"><img loading=\"lazy\" decoding=\"async\" width=\"1024\" height=\"683\" data-id=\"6867\" src=\"https:\/\/www.gadmunicipaldeleg.gob.ec\/wp-content\/uploads\/2023\/05\/Toquilla3-1024x683.jpg\" alt=\"\" class=\"wp-image-6867\" srcset=\"https:\/\/www.gadmunicipaldeleg.gob.ec\/wp-content\/uploads\/2023\/05\/Toquilla3-1024x683.jpg 1024w, https:\/\/www.gadmunicipaldeleg.gob.ec\/wp-content\/uploads\/2023\/05\/Toquilla3-300x200.jpg 300w, https:\/\/www.gadmunicipaldeleg.gob.ec\/wp-content\/uploads\/2023\/05\/Toquilla3-768x512.jpg 768w, https:\/\/www.gadmunicipaldeleg.gob.ec\/wp-content\/uploads\/2023\/05\/Toquilla3-1536x1024.jpg 1536w, https:\/\/www.gadmunicipaldeleg.gob.ec\/wp-content\/uploads\/2023\/05\/Toquilla3.jpg 2048w\" sizes=\"auto, (max-width: 1024px) 100vw, 1024px\" \/><\/figure>\n\n\n\n<figure class=\"wp-block-image size-large\"><img loading=\"lazy\" decoding=\"async\" width=\"1024\" height=\"683\" data-id=\"6868\" src=\"https:\/\/www.gadmunicipaldeleg.gob.ec\/wp-content\/uploads\/2023\/05\/Toquilla4-1024x683.jpg\" alt=\"\" class=\"wp-image-6868\" srcset=\"https:\/\/www.gadmunicipaldeleg.gob.ec\/wp-content\/uploads\/2023\/05\/Toquilla4-1024x683.jpg 1024w, https:\/\/www.gadmunicipaldeleg.gob.ec\/wp-content\/uploads\/2023\/05\/Toquilla4-300x200.jpg 300w, https:\/\/www.gadmunicipaldeleg.gob.ec\/wp-content\/uploads\/2023\/05\/Toquilla4-768x512.jpg 768w, https:\/\/www.gadmunicipaldeleg.gob.ec\/wp-content\/uploads\/2023\/05\/Toquilla4-1536x1024.jpg 1536w, https:\/\/www.gadmunicipaldeleg.gob.ec\/wp-content\/uploads\/2023\/05\/Toquilla4.jpg 2048w\" sizes=\"auto, (max-width: 1024px) 100vw, 1024px\" \/><\/figure>\n\n\n\n<figure class=\"wp-block-image size-large\"><img loading=\"lazy\" decoding=\"async\" width=\"1024\" height=\"683\" data-id=\"6869\" src=\"https:\/\/www.gadmunicipaldeleg.gob.ec\/wp-content\/uploads\/2023\/05\/Toquilla5-1024x683.jpg\" alt=\"\" class=\"wp-image-6869\" srcset=\"https:\/\/www.gadmunicipaldeleg.gob.ec\/wp-content\/uploads\/2023\/05\/Toquilla5-1024x683.jpg 1024w, https:\/\/www.gadmunicipaldeleg.gob.ec\/wp-content\/uploads\/2023\/05\/Toquilla5-300x200.jpg 300w, https:\/\/www.gadmunicipaldeleg.gob.ec\/wp-content\/uploads\/2023\/05\/Toquilla5-768x512.jpg 768w, https:\/\/www.gadmunicipaldeleg.gob.ec\/wp-content\/uploads\/2023\/05\/Toquilla5-1536x1024.jpg 1536w, https:\/\/www.gadmunicipaldeleg.gob.ec\/wp-content\/uploads\/2023\/05\/Toquilla5.jpg 2048w\" sizes=\"auto, (max-width: 1024px) 100vw, 1024px\" \/><\/figure>\n\n\n\n<figure class=\"wp-block-image size-large\"><img loading=\"lazy\" decoding=\"async\" width=\"1024\" height=\"683\" data-id=\"6871\" src=\"https:\/\/www.gadmunicipaldeleg.gob.ec\/wp-content\/uploads\/2023\/05\/Toquilla6-1024x683.jpg\" alt=\"\" class=\"wp-image-6871\" srcset=\"https:\/\/www.gadmunicipaldeleg.gob.ec\/wp-content\/uploads\/2023\/05\/Toquilla6-1024x683.jpg 1024w, https:\/\/www.gadmunicipaldeleg.gob.ec\/wp-content\/uploads\/2023\/05\/Toquilla6-300x200.jpg 300w, https:\/\/www.gadmunicipaldeleg.gob.ec\/wp-content\/uploads\/2023\/05\/Toquilla6-768x512.jpg 768w, https:\/\/www.gadmunicipaldeleg.gob.ec\/wp-content\/uploads\/2023\/05\/Toquilla6-1536x1024.jpg 1536w, https:\/\/www.gadmunicipaldeleg.gob.ec\/wp-content\/uploads\/2023\/05\/Toquilla6.jpg 2048w\" sizes=\"auto, (max-width: 1024px) 100vw, 1024px\" \/><\/figure>\n\n\n\n<figure class=\"wp-block-image size-large\"><img loading=\"lazy\" decoding=\"async\" width=\"1024\" height=\"683\" data-id=\"6870\" src=\"https:\/\/www.gadmunicipaldeleg.gob.ec\/wp-content\/uploads\/2023\/05\/Toquilla7-1024x683.jpg\" alt=\"\" class=\"wp-image-6870\" srcset=\"https:\/\/www.gadmunicipaldeleg.gob.ec\/wp-content\/uploads\/2023\/05\/Toquilla7-1024x683.jpg 1024w, https:\/\/www.gadmunicipaldeleg.gob.ec\/wp-content\/uploads\/2023\/05\/Toquilla7-300x200.jpg 300w, https:\/\/www.gadmunicipaldeleg.gob.ec\/wp-content\/uploads\/2023\/05\/Toquilla7-768x512.jpg 768w, https:\/\/www.gadmunicipaldeleg.gob.ec\/wp-content\/uploads\/2023\/05\/Toquilla7-1536x1024.jpg 1536w, https:\/\/www.gadmunicipaldeleg.gob.ec\/wp-content\/uploads\/2023\/05\/Toquilla7.jpg 2048w\" sizes=\"auto, (max-width: 1024px) 100vw, 1024px\" \/><\/figure>\n<\/figure>\n","protected":false},"excerpt":{"rendered":"<p>El cant\u00f3n D\u00e9leg fue escenario del evento XIII festival de belleza, cultura y arte Toquillera 2023. Con la visita de las delegaciones de provincias como; Azuay, Ca\u00f1ar, Sucumb\u00edos, Orellana, Chimborazo, Tungurahua, Los R\u00edos se desarroll\u00f3 el evento de gala en donde las candidatas presentaron su cultura y talento manifestados a trav\u00e9s de la danza, el [&hellip;]<\/p>\n","protected":false},"author":2,"featured_media":6872,"comment_status":"open","ping_status":"open","sticky":false,"template":"","format":"standard","meta":{"_monsterinsights_skip_tracking":false,"_monsterinsights_sitenote_active":false,"_monsterinsights_sitenote_note":"","_monsterinsights_sitenote_category":0,"footnotes":""},"categories":[236],"tags":[],"class_list":["post-6865","post","type-post","status-publish","format-standard","has-post-thumbnail","hentry","category-obras"],"_links":{"self":[{"href":"https:\/\/www.gadmunicipaldeleg.gob.ec\/index.php?rest_route=\/wp\/v2\/posts\/6865","targetHints":{"allow":["GET"]}}],"collection":[{"href":"https:\/\/www.gadmunicipaldeleg.gob.ec\/index.php?rest_route=\/wp\/v2\/posts"}],"about":[{"href":"https:\/\/www.gadmunicipaldeleg.gob.ec\/index.php?rest_route=\/wp\/v2\/types\/post"}],"author":[{"embeddable":true,"href":"https:\/\/www.gadmunicipaldeleg.gob.ec\/index.php?rest_route=\/wp\/v2\/users\/2"}],"replies":[{"embeddable":true,"href":"https:\/\/www.gadmunicipaldeleg.gob.ec\/index.php?rest_route=%2Fwp%2Fv2%2Fcomments&post=6865"}],"version-history":[{"count":1,"href":"https:\/\/www.gadmunicipaldeleg.gob.ec\/index.php?rest_route=\/wp\/v2\/posts\/6865\/revisions"}],"predecessor-version":[{"id":6873,"href":"https:\/\/www.gadmunicipaldeleg.gob.ec\/index.php?rest_route=\/wp\/v2\/posts\/6865\/revisions\/6873"}],"wp:featuredmedia":[{"embeddable":true,"href":"https:\/\/www.gadmunicipaldeleg.gob.ec\/index.php?rest_route=\/wp\/v2\/media\/6872"}],"wp:attachment":[{"href":"https:\/\/www.gadmunicipaldeleg.gob.ec\/index.php?rest_route=%2Fwp%2Fv2%2Fmedia&parent=6865"}],"wp:term":[{"taxonomy":"category","embeddable":true,"href":"https:\/\/www.gadmunicipaldeleg.gob.ec\/index.php?rest_route=%2Fwp%2Fv2%2Fcategories&post=6865"},{"taxonomy":"post_tag","embeddable":true,"href":"https:\/\/www.gadmunicipaldeleg.gob.ec\/index.php?rest_route=%2Fwp%2Fv2%2Ftags&post=6865"}],"curies":[{"name":"wp","href":"https:\/\/api.w.org\/{rel}","templated":true}]}}