{"id":6393,"date":"2023-01-30T11:43:04","date_gmt":"2023-01-30T16:43:04","guid":{"rendered":"https:\/\/www.gadmunicipaldeleg.gob.ec\/?p=6393"},"modified":"2023-02-22T11:44:46","modified_gmt":"2023-02-22T16:44:46","slug":"mantenimiento-vial-rural-en-solano","status":"publish","type":"post","link":"https:\/\/www.gadmunicipaldeleg.gob.ec\/?p=6393","title":{"rendered":"Mantenimiento vial rural en Solano"},"content":{"rendered":"\n<p>De acuerdo a la planificaci\u00f3n del GAD Municipal de D\u00e9leg, el equipo caminero de la instituci\u00f3n se encuentra dando el mantenimiento vial rural en la parroquia Solano.<\/p>\n\n\n\n<p>Iniciaron los trabajos desde el sector Portete y paulatinamente ir\u00e1n avanzando por algunas comunidades donde las v\u00edas se encuentran deterioradas.<\/p>\n\n\n\n<p>Cabe resaltar que el mantenimiento vial rural no es competencia del Municipio sino de la Prefectura del Ca\u00f1ar, sin embargo, por falta de atenci\u00f3n de esta instituci\u00f3n a nuestras comunidades, el GAD Municipal se encuentra interviniendo.<\/p>\n\n\n\n<figure class=\"wp-block-gallery has-nested-images columns-default is-cropped wp-block-gallery-1 is-layout-flex wp-block-gallery-is-layout-flex\">\n<figure class=\"wp-block-image size-large\"><img loading=\"lazy\" decoding=\"async\" width=\"1024\" height=\"683\" data-id=\"6394\" src=\"https:\/\/www.gadmunicipaldeleg.gob.ec\/wp-content\/uploads\/2023\/02\/MantenimientoSolano1-1024x683.jpg\" alt=\"\" class=\"wp-image-6394\" srcset=\"https:\/\/www.gadmunicipaldeleg.gob.ec\/wp-content\/uploads\/2023\/02\/MantenimientoSolano1-1024x683.jpg 1024w, https:\/\/www.gadmunicipaldeleg.gob.ec\/wp-content\/uploads\/2023\/02\/MantenimientoSolano1-300x200.jpg 300w, https:\/\/www.gadmunicipaldeleg.gob.ec\/wp-content\/uploads\/2023\/02\/MantenimientoSolano1-768x512.jpg 768w, https:\/\/www.gadmunicipaldeleg.gob.ec\/wp-content\/uploads\/2023\/02\/MantenimientoSolano1-1536x1024.jpg 1536w, https:\/\/www.gadmunicipaldeleg.gob.ec\/wp-content\/uploads\/2023\/02\/MantenimientoSolano1-2048x1365.jpg 2048w\" sizes=\"auto, (max-width: 1024px) 100vw, 1024px\" \/><\/figure>\n\n\n\n<figure class=\"wp-block-image size-large\"><img loading=\"lazy\" decoding=\"async\" width=\"1024\" height=\"683\" data-id=\"6395\" src=\"https:\/\/www.gadmunicipaldeleg.gob.ec\/wp-content\/uploads\/2023\/02\/MantenimientoSolano2-1024x683.jpg\" alt=\"\" class=\"wp-image-6395\" srcset=\"https:\/\/www.gadmunicipaldeleg.gob.ec\/wp-content\/uploads\/2023\/02\/MantenimientoSolano2-1024x683.jpg 1024w, https:\/\/www.gadmunicipaldeleg.gob.ec\/wp-content\/uploads\/2023\/02\/MantenimientoSolano2-300x200.jpg 300w, https:\/\/www.gadmunicipaldeleg.gob.ec\/wp-content\/uploads\/2023\/02\/MantenimientoSolano2-768x512.jpg 768w, https:\/\/www.gadmunicipaldeleg.gob.ec\/wp-content\/uploads\/2023\/02\/MantenimientoSolano2-1536x1024.jpg 1536w, https:\/\/www.gadmunicipaldeleg.gob.ec\/wp-content\/uploads\/2023\/02\/MantenimientoSolano2-2048x1365.jpg 2048w\" sizes=\"auto, (max-width: 1024px) 100vw, 1024px\" \/><\/figure>\n\n\n\n<figure class=\"wp-block-image size-large\"><img loading=\"lazy\" decoding=\"async\" width=\"1024\" height=\"683\" data-id=\"6396\" src=\"https:\/\/www.gadmunicipaldeleg.gob.ec\/wp-content\/uploads\/2023\/02\/MantenimientoSolano3-1024x683.jpg\" alt=\"\" class=\"wp-image-6396\" srcset=\"https:\/\/www.gadmunicipaldeleg.gob.ec\/wp-content\/uploads\/2023\/02\/MantenimientoSolano3-1024x683.jpg 1024w, https:\/\/www.gadmunicipaldeleg.gob.ec\/wp-content\/uploads\/2023\/02\/MantenimientoSolano3-300x200.jpg 300w, https:\/\/www.gadmunicipaldeleg.gob.ec\/wp-content\/uploads\/2023\/02\/MantenimientoSolano3-768x512.jpg 768w, https:\/\/www.gadmunicipaldeleg.gob.ec\/wp-content\/uploads\/2023\/02\/MantenimientoSolano3-1536x1024.jpg 1536w, https:\/\/www.gadmunicipaldeleg.gob.ec\/wp-content\/uploads\/2023\/02\/MantenimientoSolano3-2048x1365.jpg 2048w\" sizes=\"auto, (max-width: 1024px) 100vw, 1024px\" \/><\/figure>\n<\/figure>\n","protected":false},"excerpt":{"rendered":"<p>De acuerdo a la planificaci\u00f3n del GAD Municipal de D\u00e9leg, el equipo caminero de la instituci\u00f3n se encuentra dando el mantenimiento vial rural en la parroquia Solano. Iniciaron los trabajos desde el sector Portete y paulatinamente ir\u00e1n avanzando por algunas comunidades donde las v\u00edas se encuentran deterioradas. Cabe resaltar que el mantenimiento vial rural no [&hellip;]<\/p>\n","protected":false},"author":2,"featured_media":6397,"comment_status":"open","ping_status":"open","sticky":false,"template":"","format":"standard","meta":{"_monsterinsights_skip_tracking":false,"_monsterinsights_sitenote_active":false,"_monsterinsights_sitenote_note":"","_monsterinsights_sitenote_category":0,"footnotes":""},"categories":[236],"tags":[],"class_list":["post-6393","post","type-post","status-publish","format-standard","has-post-thumbnail","hentry","category-obras"],"_links":{"self":[{"href":"https:\/\/www.gadmunicipaldeleg.gob.ec\/index.php?rest_route=\/wp\/v2\/posts\/6393","targetHints":{"allow":["GET"]}}],"collection":[{"href":"https:\/\/www.gadmunicipaldeleg.gob.ec\/index.php?rest_route=\/wp\/v2\/posts"}],"about":[{"href":"https:\/\/www.gadmunicipaldeleg.gob.ec\/index.php?rest_route=\/wp\/v2\/types\/post"}],"author":[{"embeddable":true,"href":"https:\/\/www.gadmunicipaldeleg.gob.ec\/index.php?rest_route=\/wp\/v2\/users\/2"}],"replies":[{"embeddable":true,"href":"https:\/\/www.gadmunicipaldeleg.gob.ec\/index.php?rest_route=%2Fwp%2Fv2%2Fcomments&post=6393"}],"version-history":[{"count":2,"href":"https:\/\/www.gadmunicipaldeleg.gob.ec\/index.php?rest_route=\/wp\/v2\/posts\/6393\/revisions"}],"predecessor-version":[{"id":6399,"href":"https:\/\/www.gadmunicipaldeleg.gob.ec\/index.php?rest_route=\/wp\/v2\/posts\/6393\/revisions\/6399"}],"wp:featuredmedia":[{"embeddable":true,"href":"https:\/\/www.gadmunicipaldeleg.gob.ec\/index.php?rest_route=\/wp\/v2\/media\/6397"}],"wp:attachment":[{"href":"https:\/\/www.gadmunicipaldeleg.gob.ec\/index.php?rest_route=%2Fwp%2Fv2%2Fmedia&parent=6393"}],"wp:term":[{"taxonomy":"category","embeddable":true,"href":"https:\/\/www.gadmunicipaldeleg.gob.ec\/index.php?rest_route=%2Fwp%2Fv2%2Fcategories&post=6393"},{"taxonomy":"post_tag","embeddable":true,"href":"https:\/\/www.gadmunicipaldeleg.gob.ec\/index.php?rest_route=%2Fwp%2Fv2%2Ftags&post=6393"}],"curies":[{"name":"wp","href":"https:\/\/api.w.org\/{rel}","templated":true}]}}