{"id":5819,"date":"2022-12-12T09:37:19","date_gmt":"2022-12-12T14:37:19","guid":{"rendered":"https:\/\/www.gadmunicipaldeleg.gob.ec\/?p=5819"},"modified":"2022-12-27T08:15:03","modified_gmt":"2022-12-27T13:15:03","slug":"promocion-del-centro-ecoturistico-laguna-de-guabizhun","status":"publish","type":"post","link":"https:\/\/www.gadmunicipaldeleg.gob.ec\/?p=5819","title":{"rendered":"Promoci\u00f3n del centro ecotur\u00edstico \u201cLaguna de Guabizh\u00fan\u201d"},"content":{"rendered":"\n<p>El GAD Municipal del cant\u00f3n D\u00e9leg, realiz\u00f3 la promoci\u00f3n del centro ecotur\u00edstico \u201cLaguna de Guabizh\u00fan\u201d, ubicado a 3 minutos de la parroquia Solano y 10 minutos del cant\u00f3n D\u00e9leg.<\/p>\n\n\n\n<p>El s\u00e1bado 10 de diciembre desde las 10h00 de la ma\u00f1ana se desarroll\u00f3 un evento especial con actividades tur\u00edsticas como exposici\u00f3n de carros cl\u00e1sicos, exposici\u00f3n de artesan\u00edas, danzas folcl\u00f3ricas, banda de pueblo, etc. Y a partir de las 13h00 todos los turistas locales y visitantes disfrutaron de un Show Art\u00edstico con la presentaci\u00f3n de Proyecto Coraza y m\u00e1s artistas invitados.<\/p>\n\n\n\n<p>Este proyecto emblem\u00e1tico que ha sido ejecutado por el alcalde de D\u00e9leg, con una inversi\u00f3n de medio mill\u00f3n de d\u00f3lares, tiene como objetivo principal dinamizar la econom\u00eda local a trav\u00e9s del turismo.<\/p>\n\n\n\n<p>El centro ecotur\u00edstico estar\u00e1 atendiendo en horarios de viernes a domingo desde las 10h00am hasta las 19h00pm.<\/p>\n\n\n\n<p class=\"has-text-align-center\"><strong>Geovanni Chuya Jara<\/strong><\/p>\n\n\n\n<p class=\"has-text-align-center\">ALCALDE<\/p>\n\n\n\n<figure class=\"wp-block-gallery has-nested-images columns-default is-cropped wp-block-gallery-1 is-layout-flex wp-block-gallery-is-layout-flex\">\n<figure class=\"wp-block-image size-large\"><img loading=\"lazy\" decoding=\"async\" width=\"1024\" height=\"683\" data-id=\"5820\" src=\"https:\/\/www.gadmunicipaldeleg.gob.ec\/wp-content\/uploads\/2022\/12\/Laguna_1-1024x683.jpg\" alt=\"\" class=\"wp-image-5820\" srcset=\"https:\/\/www.gadmunicipaldeleg.gob.ec\/wp-content\/uploads\/2022\/12\/Laguna_1-1024x683.jpg 1024w, https:\/\/www.gadmunicipaldeleg.gob.ec\/wp-content\/uploads\/2022\/12\/Laguna_1-300x200.jpg 300w, https:\/\/www.gadmunicipaldeleg.gob.ec\/wp-content\/uploads\/2022\/12\/Laguna_1-768x512.jpg 768w, https:\/\/www.gadmunicipaldeleg.gob.ec\/wp-content\/uploads\/2022\/12\/Laguna_1-1536x1024.jpg 1536w, https:\/\/www.gadmunicipaldeleg.gob.ec\/wp-content\/uploads\/2022\/12\/Laguna_1-2048x1365.jpg 2048w\" sizes=\"auto, (max-width: 1024px) 100vw, 1024px\" \/><\/figure>\n\n\n\n<figure class=\"wp-block-image size-large\"><img loading=\"lazy\" decoding=\"async\" width=\"1024\" height=\"683\" data-id=\"5821\" src=\"https:\/\/www.gadmunicipaldeleg.gob.ec\/wp-content\/uploads\/2022\/12\/Laguna_2-1024x683.jpg\" alt=\"\" class=\"wp-image-5821\" srcset=\"https:\/\/www.gadmunicipaldeleg.gob.ec\/wp-content\/uploads\/2022\/12\/Laguna_2-1024x683.jpg 1024w, https:\/\/www.gadmunicipaldeleg.gob.ec\/wp-content\/uploads\/2022\/12\/Laguna_2-300x200.jpg 300w, https:\/\/www.gadmunicipaldeleg.gob.ec\/wp-content\/uploads\/2022\/12\/Laguna_2-768x512.jpg 768w, https:\/\/www.gadmunicipaldeleg.gob.ec\/wp-content\/uploads\/2022\/12\/Laguna_2-1536x1024.jpg 1536w, https:\/\/www.gadmunicipaldeleg.gob.ec\/wp-content\/uploads\/2022\/12\/Laguna_2-2048x1365.jpg 2048w\" sizes=\"auto, (max-width: 1024px) 100vw, 1024px\" \/><\/figure>\n\n\n\n<figure class=\"wp-block-image size-large\"><img loading=\"lazy\" decoding=\"async\" width=\"1024\" height=\"576\" data-id=\"5822\" src=\"https:\/\/www.gadmunicipaldeleg.gob.ec\/wp-content\/uploads\/2022\/12\/Laguna_6-1024x576.jpg\" alt=\"\" class=\"wp-image-5822\" srcset=\"https:\/\/www.gadmunicipaldeleg.gob.ec\/wp-content\/uploads\/2022\/12\/Laguna_6-1024x576.jpg 1024w, https:\/\/www.gadmunicipaldeleg.gob.ec\/wp-content\/uploads\/2022\/12\/Laguna_6-300x169.jpg 300w, https:\/\/www.gadmunicipaldeleg.gob.ec\/wp-content\/uploads\/2022\/12\/Laguna_6-768x432.jpg 768w, https:\/\/www.gadmunicipaldeleg.gob.ec\/wp-content\/uploads\/2022\/12\/Laguna_6-1536x864.jpg 1536w, https:\/\/www.gadmunicipaldeleg.gob.ec\/wp-content\/uploads\/2022\/12\/Laguna_6.jpg 2048w\" sizes=\"auto, (max-width: 1024px) 100vw, 1024px\" \/><\/figure>\n\n\n\n<figure class=\"wp-block-image size-large\"><img loading=\"lazy\" decoding=\"async\" width=\"1024\" height=\"576\" data-id=\"5823\" src=\"https:\/\/www.gadmunicipaldeleg.gob.ec\/wp-content\/uploads\/2022\/12\/Laguna_4-1024x576.jpg\" alt=\"\" class=\"wp-image-5823\" srcset=\"https:\/\/www.gadmunicipaldeleg.gob.ec\/wp-content\/uploads\/2022\/12\/Laguna_4-1024x576.jpg 1024w, https:\/\/www.gadmunicipaldeleg.gob.ec\/wp-content\/uploads\/2022\/12\/Laguna_4-300x169.jpg 300w, https:\/\/www.gadmunicipaldeleg.gob.ec\/wp-content\/uploads\/2022\/12\/Laguna_4-768x432.jpg 768w, https:\/\/www.gadmunicipaldeleg.gob.ec\/wp-content\/uploads\/2022\/12\/Laguna_4-1536x864.jpg 1536w, https:\/\/www.gadmunicipaldeleg.gob.ec\/wp-content\/uploads\/2022\/12\/Laguna_4-2048x1152.jpg 2048w\" sizes=\"auto, (max-width: 1024px) 100vw, 1024px\" \/><\/figure>\n\n\n\n<figure class=\"wp-block-image size-large\"><img loading=\"lazy\" decoding=\"async\" width=\"1024\" height=\"683\" data-id=\"5824\" src=\"https:\/\/www.gadmunicipaldeleg.gob.ec\/wp-content\/uploads\/2022\/12\/Laguna_7-1024x683.jpg\" alt=\"\" class=\"wp-image-5824\" srcset=\"https:\/\/www.gadmunicipaldeleg.gob.ec\/wp-content\/uploads\/2022\/12\/Laguna_7-1024x683.jpg 1024w, https:\/\/www.gadmunicipaldeleg.gob.ec\/wp-content\/uploads\/2022\/12\/Laguna_7-300x200.jpg 300w, https:\/\/www.gadmunicipaldeleg.gob.ec\/wp-content\/uploads\/2022\/12\/Laguna_7-768x512.jpg 768w, https:\/\/www.gadmunicipaldeleg.gob.ec\/wp-content\/uploads\/2022\/12\/Laguna_7-1536x1024.jpg 1536w, https:\/\/www.gadmunicipaldeleg.gob.ec\/wp-content\/uploads\/2022\/12\/Laguna_7-2048x1365.jpg 2048w\" sizes=\"auto, (max-width: 1024px) 100vw, 1024px\" \/><\/figure>\n<\/figure>\n","protected":false},"excerpt":{"rendered":"<p>El GAD Municipal del cant\u00f3n D\u00e9leg, realiz\u00f3 la promoci\u00f3n del centro ecotur\u00edstico \u201cLaguna de Guabizh\u00fan\u201d, ubicado a 3 minutos de la parroquia Solano y 10 minutos del cant\u00f3n D\u00e9leg. El s\u00e1bado 10 de diciembre desde las 10h00 de la ma\u00f1ana se desarroll\u00f3 un evento especial con actividades tur\u00edsticas como exposici\u00f3n de carros cl\u00e1sicos, exposici\u00f3n de [&hellip;]<\/p>\n","protected":false},"author":2,"featured_media":5825,"comment_status":"open","ping_status":"open","sticky":false,"template":"","format":"standard","meta":{"_monsterinsights_skip_tracking":false,"_monsterinsights_sitenote_active":false,"_monsterinsights_sitenote_note":"","_monsterinsights_sitenote_category":0,"footnotes":""},"categories":[236],"tags":[],"class_list":["post-5819","post","type-post","status-publish","format-standard","has-post-thumbnail","hentry","category-obras"],"_links":{"self":[{"href":"https:\/\/www.gadmunicipaldeleg.gob.ec\/index.php?rest_route=\/wp\/v2\/posts\/5819","targetHints":{"allow":["GET"]}}],"collection":[{"href":"https:\/\/www.gadmunicipaldeleg.gob.ec\/index.php?rest_route=\/wp\/v2\/posts"}],"about":[{"href":"https:\/\/www.gadmunicipaldeleg.gob.ec\/index.php?rest_route=\/wp\/v2\/types\/post"}],"author":[{"embeddable":true,"href":"https:\/\/www.gadmunicipaldeleg.gob.ec\/index.php?rest_route=\/wp\/v2\/users\/2"}],"replies":[{"embeddable":true,"href":"https:\/\/www.gadmunicipaldeleg.gob.ec\/index.php?rest_route=%2Fwp%2Fv2%2Fcomments&post=5819"}],"version-history":[{"count":3,"href":"https:\/\/www.gadmunicipaldeleg.gob.ec\/index.php?rest_route=\/wp\/v2\/posts\/5819\/revisions"}],"predecessor-version":[{"id":5830,"href":"https:\/\/www.gadmunicipaldeleg.gob.ec\/index.php?rest_route=\/wp\/v2\/posts\/5819\/revisions\/5830"}],"wp:featuredmedia":[{"embeddable":true,"href":"https:\/\/www.gadmunicipaldeleg.gob.ec\/index.php?rest_route=\/wp\/v2\/media\/5825"}],"wp:attachment":[{"href":"https:\/\/www.gadmunicipaldeleg.gob.ec\/index.php?rest_route=%2Fwp%2Fv2%2Fmedia&parent=5819"}],"wp:term":[{"taxonomy":"category","embeddable":true,"href":"https:\/\/www.gadmunicipaldeleg.gob.ec\/index.php?rest_route=%2Fwp%2Fv2%2Fcategories&post=5819"},{"taxonomy":"post_tag","embeddable":true,"href":"https:\/\/www.gadmunicipaldeleg.gob.ec\/index.php?rest_route=%2Fwp%2Fv2%2Ftags&post=5819"}],"curies":[{"name":"wp","href":"https:\/\/api.w.org\/{rel}","templated":true}]}}