{"id":5812,"date":"2022-12-08T09:29:17","date_gmt":"2022-12-08T14:29:17","guid":{"rendered":"https:\/\/www.gadmunicipaldeleg.gob.ec\/?p=5812"},"modified":"2022-12-27T08:37:54","modified_gmt":"2022-12-27T13:37:54","slug":"alcalde-de-deleg-recibe-reconocimiento-por-parte-la-asociacion-de-municipalidades-del-ecuador-2","status":"publish","type":"post","link":"https:\/\/www.gadmunicipaldeleg.gob.ec\/?p=5812","title":{"rendered":"Alcalde de D\u00e9leg recibe reconocimiento por parte de la Asociaci\u00f3n de Municipalidades del Ecuador"},"content":{"rendered":"\n<p>El alcalde de D\u00e9leg Geovanni Chuya Jara, particip\u00f3 este 09 de diciembre de una solemne ceremonia realizada por la Federaci\u00f3n Deportiva del Ca\u00f1ar, en la cual se le entreg\u00f3 un reconocimiento por su ardua gesti\u00f3n y labor en beneficio del Deporte Cantonal y Provincial, que ha constituido una base primordial en la obtenci\u00f3n de resultados nacionales e internacionales.<\/p>\n\n\n\n<p>Desde la alcald\u00eda ha venido apoyando integralmente a los deportistas del cant\u00f3n a trav\u00e9s de la reconstrucci\u00f3n y adecuaci\u00f3n de los espacios deportivos como son los coliseos de D\u00e9leg y Solano y las canchas de aproximadamente 15 comunidades. <\/p>\n\n\n\n<p>El apoyar a las actividades que coadyuven al desarrollo f\u00edsico y sano especialmente de ni\u00f1os y adolescentes es un compromiso permanente del primer personero municipal.<\/p>\n\n\n\n<figure class=\"wp-block-gallery has-nested-images columns-default is-cropped wp-block-gallery-1 is-layout-flex wp-block-gallery-is-layout-flex\">\n<figure class=\"wp-block-image size-large\"><img loading=\"lazy\" decoding=\"async\" width=\"1024\" height=\"702\" data-id=\"5815\" src=\"https:\/\/www.gadmunicipaldeleg.gob.ec\/wp-content\/uploads\/2022\/12\/Reconocimiento_1-1-1024x702.jpg\" alt=\"\" class=\"wp-image-5815\" srcset=\"https:\/\/www.gadmunicipaldeleg.gob.ec\/wp-content\/uploads\/2022\/12\/Reconocimiento_1-1-1024x702.jpg 1024w, https:\/\/www.gadmunicipaldeleg.gob.ec\/wp-content\/uploads\/2022\/12\/Reconocimiento_1-1-300x206.jpg 300w, https:\/\/www.gadmunicipaldeleg.gob.ec\/wp-content\/uploads\/2022\/12\/Reconocimiento_1-1-768x527.jpg 768w, https:\/\/www.gadmunicipaldeleg.gob.ec\/wp-content\/uploads\/2022\/12\/Reconocimiento_1-1-1536x1053.jpg 1536w, https:\/\/www.gadmunicipaldeleg.gob.ec\/wp-content\/uploads\/2022\/12\/Reconocimiento_1-1.jpg 2048w\" sizes=\"auto, (max-width: 1024px) 100vw, 1024px\" \/><\/figure>\n\n\n\n<figure class=\"wp-block-image size-large\"><img loading=\"lazy\" decoding=\"async\" width=\"1024\" height=\"732\" data-id=\"5816\" src=\"https:\/\/www.gadmunicipaldeleg.gob.ec\/wp-content\/uploads\/2022\/12\/Reconocimiento_3-1024x732.jpg\" alt=\"\" class=\"wp-image-5816\" srcset=\"https:\/\/www.gadmunicipaldeleg.gob.ec\/wp-content\/uploads\/2022\/12\/Reconocimiento_3-1024x732.jpg 1024w, https:\/\/www.gadmunicipaldeleg.gob.ec\/wp-content\/uploads\/2022\/12\/Reconocimiento_3-300x215.jpg 300w, https:\/\/www.gadmunicipaldeleg.gob.ec\/wp-content\/uploads\/2022\/12\/Reconocimiento_3-768x549.jpg 768w, https:\/\/www.gadmunicipaldeleg.gob.ec\/wp-content\/uploads\/2022\/12\/Reconocimiento_3-1536x1099.jpg 1536w, https:\/\/www.gadmunicipaldeleg.gob.ec\/wp-content\/uploads\/2022\/12\/Reconocimiento_3-2048x1465.jpg 2048w\" sizes=\"auto, (max-width: 1024px) 100vw, 1024px\" \/><\/figure>\n<\/figure>\n","protected":false},"excerpt":{"rendered":"<p>El alcalde de D\u00e9leg Geovanni Chuya Jara, particip\u00f3 este 09 de diciembre de una solemne ceremonia realizada por la Federaci\u00f3n Deportiva del Ca\u00f1ar, en la cual se le entreg\u00f3 un reconocimiento por su ardua gesti\u00f3n y labor en beneficio del Deporte Cantonal y Provincial, que ha constituido una base primordial en la obtenci\u00f3n de resultados [&hellip;]<\/p>\n","protected":false},"author":2,"featured_media":5814,"comment_status":"open","ping_status":"open","sticky":false,"template":"","format":"standard","meta":{"_monsterinsights_skip_tracking":false,"_monsterinsights_sitenote_active":false,"_monsterinsights_sitenote_note":"","_monsterinsights_sitenote_category":0,"footnotes":""},"categories":[236],"tags":[],"class_list":["post-5812","post","type-post","status-publish","format-standard","has-post-thumbnail","hentry","category-obras"],"_links":{"self":[{"href":"https:\/\/www.gadmunicipaldeleg.gob.ec\/index.php?rest_route=\/wp\/v2\/posts\/5812","targetHints":{"allow":["GET"]}}],"collection":[{"href":"https:\/\/www.gadmunicipaldeleg.gob.ec\/index.php?rest_route=\/wp\/v2\/posts"}],"about":[{"href":"https:\/\/www.gadmunicipaldeleg.gob.ec\/index.php?rest_route=\/wp\/v2\/types\/post"}],"author":[{"embeddable":true,"href":"https:\/\/www.gadmunicipaldeleg.gob.ec\/index.php?rest_route=\/wp\/v2\/users\/2"}],"replies":[{"embeddable":true,"href":"https:\/\/www.gadmunicipaldeleg.gob.ec\/index.php?rest_route=%2Fwp%2Fv2%2Fcomments&post=5812"}],"version-history":[{"count":3,"href":"https:\/\/www.gadmunicipaldeleg.gob.ec\/index.php?rest_route=\/wp\/v2\/posts\/5812\/revisions"}],"predecessor-version":[{"id":5850,"href":"https:\/\/www.gadmunicipaldeleg.gob.ec\/index.php?rest_route=\/wp\/v2\/posts\/5812\/revisions\/5850"}],"wp:featuredmedia":[{"embeddable":true,"href":"https:\/\/www.gadmunicipaldeleg.gob.ec\/index.php?rest_route=\/wp\/v2\/media\/5814"}],"wp:attachment":[{"href":"https:\/\/www.gadmunicipaldeleg.gob.ec\/index.php?rest_route=%2Fwp%2Fv2%2Fmedia&parent=5812"}],"wp:term":[{"taxonomy":"category","embeddable":true,"href":"https:\/\/www.gadmunicipaldeleg.gob.ec\/index.php?rest_route=%2Fwp%2Fv2%2Fcategories&post=5812"},{"taxonomy":"post_tag","embeddable":true,"href":"https:\/\/www.gadmunicipaldeleg.gob.ec\/index.php?rest_route=%2Fwp%2Fv2%2Ftags&post=5812"}],"curies":[{"name":"wp","href":"https:\/\/api.w.org\/{rel}","templated":true}]}}