{"id":5788,"date":"2022-12-12T09:00:00","date_gmt":"2022-12-12T14:00:00","guid":{"rendered":"https:\/\/www.gadmunicipaldeleg.gob.ec\/?p=5788"},"modified":"2022-12-29T07:46:23","modified_gmt":"2022-12-29T12:46:23","slug":"alcalde-de-deleg-participo-en-la-posesion-del-consejo-estudiantil-de-diferentes-instituciones-2","status":"publish","type":"post","link":"https:\/\/www.gadmunicipaldeleg.gob.ec\/?p=5788","title":{"rendered":"Deslinde Predial realizado por la Comuna Ind\u00edgena del cant\u00f3n D\u00e9leg"},"content":{"rendered":"\n<p>Los comuneros del cant\u00f3n D\u00e9leg, organizaron una minga para realizar el deslinde predial que tiene como finalidad limpiar los linderos de sus territorios que parten desde el sector La Colina se dirigen hacia Cuencapungo y finalizan en Bayandel.<\/p>\n\n\n\n<p>Para esta jornada de trabajo se reunieron alrededor de 400 personas que integran la comuna ind\u00edgena, desde muy temprano iniciaron su ruta limpiando acequias y desalojando toda la maleza de los l\u00edmites de sus propiedades.<\/p>\n\n\n\n<p>Una vez que llegaron al sector de Cuencapungo compartieron un almuerzo comunitario con el alcalde del cant\u00f3n, quien expres\u00f3 su admiraci\u00f3n, respeto y apoyo a esta importante organizaci\u00f3n que trabaja siempre de manera unida para sacar adelante sus prop\u00f3sitos.<\/p>\n\n\n\n<figure class=\"wp-block-gallery has-nested-images columns-default is-cropped wp-block-gallery-1 is-layout-flex wp-block-gallery-is-layout-flex\">\n<figure class=\"wp-block-image size-large\"><img loading=\"lazy\" decoding=\"async\" width=\"1024\" height=\"683\" data-id=\"5805\" src=\"https:\/\/www.gadmunicipaldeleg.gob.ec\/wp-content\/uploads\/2022\/12\/DesfileComuna_1-1024x683.jpg\" alt=\"\" class=\"wp-image-5805\" srcset=\"https:\/\/www.gadmunicipaldeleg.gob.ec\/wp-content\/uploads\/2022\/12\/DesfileComuna_1-1024x683.jpg 1024w, https:\/\/www.gadmunicipaldeleg.gob.ec\/wp-content\/uploads\/2022\/12\/DesfileComuna_1-300x200.jpg 300w, https:\/\/www.gadmunicipaldeleg.gob.ec\/wp-content\/uploads\/2022\/12\/DesfileComuna_1-768x512.jpg 768w, https:\/\/www.gadmunicipaldeleg.gob.ec\/wp-content\/uploads\/2022\/12\/DesfileComuna_1-1536x1024.jpg 1536w, https:\/\/www.gadmunicipaldeleg.gob.ec\/wp-content\/uploads\/2022\/12\/DesfileComuna_1-2048x1365.jpg 2048w\" sizes=\"auto, (max-width: 1024px) 100vw, 1024px\" \/><\/figure>\n\n\n\n<figure class=\"wp-block-image size-large\"><img loading=\"lazy\" decoding=\"async\" width=\"1024\" height=\"683\" data-id=\"5806\" src=\"https:\/\/www.gadmunicipaldeleg.gob.ec\/wp-content\/uploads\/2022\/12\/DesfileComuna_2-1024x683.jpg\" alt=\"\" class=\"wp-image-5806\" srcset=\"https:\/\/www.gadmunicipaldeleg.gob.ec\/wp-content\/uploads\/2022\/12\/DesfileComuna_2-1024x683.jpg 1024w, https:\/\/www.gadmunicipaldeleg.gob.ec\/wp-content\/uploads\/2022\/12\/DesfileComuna_2-300x200.jpg 300w, https:\/\/www.gadmunicipaldeleg.gob.ec\/wp-content\/uploads\/2022\/12\/DesfileComuna_2-768x512.jpg 768w, https:\/\/www.gadmunicipaldeleg.gob.ec\/wp-content\/uploads\/2022\/12\/DesfileComuna_2-1536x1024.jpg 1536w, https:\/\/www.gadmunicipaldeleg.gob.ec\/wp-content\/uploads\/2022\/12\/DesfileComuna_2-2048x1365.jpg 2048w\" sizes=\"auto, (max-width: 1024px) 100vw, 1024px\" \/><\/figure>\n\n\n\n<figure class=\"wp-block-image size-large\"><img loading=\"lazy\" decoding=\"async\" width=\"1024\" height=\"683\" data-id=\"5807\" src=\"https:\/\/www.gadmunicipaldeleg.gob.ec\/wp-content\/uploads\/2022\/12\/DesfileComuna_8-1024x683.jpg\" alt=\"\" class=\"wp-image-5807\" srcset=\"https:\/\/www.gadmunicipaldeleg.gob.ec\/wp-content\/uploads\/2022\/12\/DesfileComuna_8-1024x683.jpg 1024w, https:\/\/www.gadmunicipaldeleg.gob.ec\/wp-content\/uploads\/2022\/12\/DesfileComuna_8-300x200.jpg 300w, https:\/\/www.gadmunicipaldeleg.gob.ec\/wp-content\/uploads\/2022\/12\/DesfileComuna_8-768x512.jpg 768w, https:\/\/www.gadmunicipaldeleg.gob.ec\/wp-content\/uploads\/2022\/12\/DesfileComuna_8-1536x1024.jpg 1536w, https:\/\/www.gadmunicipaldeleg.gob.ec\/wp-content\/uploads\/2022\/12\/DesfileComuna_8-2048x1365.jpg 2048w\" sizes=\"auto, (max-width: 1024px) 100vw, 1024px\" \/><\/figure>\n\n\n\n<figure class=\"wp-block-image size-large\"><img loading=\"lazy\" decoding=\"async\" width=\"1024\" height=\"869\" data-id=\"5808\" src=\"https:\/\/www.gadmunicipaldeleg.gob.ec\/wp-content\/uploads\/2022\/12\/DesfileComuna_6-1024x869.jpg\" alt=\"\" class=\"wp-image-5808\" srcset=\"https:\/\/www.gadmunicipaldeleg.gob.ec\/wp-content\/uploads\/2022\/12\/DesfileComuna_6-1024x869.jpg 1024w, https:\/\/www.gadmunicipaldeleg.gob.ec\/wp-content\/uploads\/2022\/12\/DesfileComuna_6-300x255.jpg 300w, https:\/\/www.gadmunicipaldeleg.gob.ec\/wp-content\/uploads\/2022\/12\/DesfileComuna_6-768x652.jpg 768w, https:\/\/www.gadmunicipaldeleg.gob.ec\/wp-content\/uploads\/2022\/12\/DesfileComuna_6-1536x1304.jpg 1536w, https:\/\/www.gadmunicipaldeleg.gob.ec\/wp-content\/uploads\/2022\/12\/DesfileComuna_6-2048x1738.jpg 2048w\" sizes=\"auto, (max-width: 1024px) 100vw, 1024px\" \/><\/figure>\n\n\n\n<figure class=\"wp-block-image size-large\"><img loading=\"lazy\" decoding=\"async\" width=\"1024\" height=\"728\" data-id=\"5809\" src=\"https:\/\/www.gadmunicipaldeleg.gob.ec\/wp-content\/uploads\/2022\/12\/DesfileComuna_7-1024x728.jpg\" alt=\"\" class=\"wp-image-5809\" srcset=\"https:\/\/www.gadmunicipaldeleg.gob.ec\/wp-content\/uploads\/2022\/12\/DesfileComuna_7-1024x728.jpg 1024w, https:\/\/www.gadmunicipaldeleg.gob.ec\/wp-content\/uploads\/2022\/12\/DesfileComuna_7-300x213.jpg 300w, https:\/\/www.gadmunicipaldeleg.gob.ec\/wp-content\/uploads\/2022\/12\/DesfileComuna_7-768x546.jpg 768w, https:\/\/www.gadmunicipaldeleg.gob.ec\/wp-content\/uploads\/2022\/12\/DesfileComuna_7-1536x1093.jpg 1536w, https:\/\/www.gadmunicipaldeleg.gob.ec\/wp-content\/uploads\/2022\/12\/DesfileComuna_7-2048x1457.jpg 2048w\" sizes=\"auto, (max-width: 1024px) 100vw, 1024px\" \/><\/figure>\n<\/figure>\n","protected":false},"excerpt":{"rendered":"<p>Los comuneros del cant\u00f3n D\u00e9leg, organizaron una minga para realizar el deslinde predial que tiene como finalidad limpiar los linderos de sus territorios que parten desde el sector La Colina se dirigen hacia Cuencapungo y finalizan en Bayandel. Para esta jornada de trabajo se reunieron alrededor de 400 personas que integran la comuna ind\u00edgena, desde [&hellip;]<\/p>\n","protected":false},"author":2,"featured_media":5810,"comment_status":"open","ping_status":"open","sticky":false,"template":"","format":"standard","meta":{"_monsterinsights_skip_tracking":false,"_monsterinsights_sitenote_active":false,"_monsterinsights_sitenote_note":"","_monsterinsights_sitenote_category":0,"footnotes":""},"categories":[236],"tags":[],"class_list":["post-5788","post","type-post","status-publish","format-standard","has-post-thumbnail","hentry","category-obras"],"_links":{"self":[{"href":"https:\/\/www.gadmunicipaldeleg.gob.ec\/index.php?rest_route=\/wp\/v2\/posts\/5788","targetHints":{"allow":["GET"]}}],"collection":[{"href":"https:\/\/www.gadmunicipaldeleg.gob.ec\/index.php?rest_route=\/wp\/v2\/posts"}],"about":[{"href":"https:\/\/www.gadmunicipaldeleg.gob.ec\/index.php?rest_route=\/wp\/v2\/types\/post"}],"author":[{"embeddable":true,"href":"https:\/\/www.gadmunicipaldeleg.gob.ec\/index.php?rest_route=\/wp\/v2\/users\/2"}],"replies":[{"embeddable":true,"href":"https:\/\/www.gadmunicipaldeleg.gob.ec\/index.php?rest_route=%2Fwp%2Fv2%2Fcomments&post=5788"}],"version-history":[{"count":3,"href":"https:\/\/www.gadmunicipaldeleg.gob.ec\/index.php?rest_route=\/wp\/v2\/posts\/5788\/revisions"}],"predecessor-version":[{"id":5831,"href":"https:\/\/www.gadmunicipaldeleg.gob.ec\/index.php?rest_route=\/wp\/v2\/posts\/5788\/revisions\/5831"}],"wp:featuredmedia":[{"embeddable":true,"href":"https:\/\/www.gadmunicipaldeleg.gob.ec\/index.php?rest_route=\/wp\/v2\/media\/5810"}],"wp:attachment":[{"href":"https:\/\/www.gadmunicipaldeleg.gob.ec\/index.php?rest_route=%2Fwp%2Fv2%2Fmedia&parent=5788"}],"wp:term":[{"taxonomy":"category","embeddable":true,"href":"https:\/\/www.gadmunicipaldeleg.gob.ec\/index.php?rest_route=%2Fwp%2Fv2%2Fcategories&post=5788"},{"taxonomy":"post_tag","embeddable":true,"href":"https:\/\/www.gadmunicipaldeleg.gob.ec\/index.php?rest_route=%2Fwp%2Fv2%2Ftags&post=5788"}],"curies":[{"name":"wp","href":"https:\/\/api.w.org\/{rel}","templated":true}]}}