{"id":3970,"date":"2022-08-03T14:10:43","date_gmt":"2022-08-03T19:10:43","guid":{"rendered":"https:\/\/www.gadmunicipaldeleg.gob.ec\/?p=3970"},"modified":"2022-08-03T14:50:52","modified_gmt":"2022-08-03T19:50:52","slug":"plan-casa-para-todos-deleg-un-sueno-hecho-realidad","status":"publish","type":"post","link":"https:\/\/www.gadmunicipaldeleg.gob.ec\/?p=3970","title":{"rendered":"Plan casa para todos D\u00e9leg, un sue\u00f1o hecho realidad"},"content":{"rendered":"\n<p>Este martes 02 de agosto se entregaron las primeras 23 viviendas del proyecto emblem\u00e1tico, gestionado por Geovanni Chuya Jara, alcalde del cant\u00f3n D\u00e9leg.<\/p>\n\n\n\n<p>Obra emblem\u00e1tica que inici\u00f3 su gesti\u00f3n Geovanni Chuya Jara, luego de la suscripci\u00f3n del convenio marco entre la municipalidad de D\u00e9leg y el MIDUVI el 18 de junio de 2019, representada en aquella \u00e9poca por su ministro Germ\u00e1n Xavier Torres. Luego se continu\u00f3 su gesti\u00f3n con el exministro de MIDUVI Guido Esteban Macciavello Almeida, donde se don\u00f3 el terreno mediante escritura p\u00fablica el 13 de noviembre de 2019, para culminar con la contrataci\u00f3n de la obra con el ministro Julio Recalde Ubidia, el 13 de diciembre de 2019, gerente general de Ecuador Estrat\u00e9gico y China CAMC ENGINEERING CO. LTD. &nbsp;<\/p>\n\n\n\n<figure class=\"wp-block-gallery has-nested-images columns-default is-cropped wp-block-gallery-1 is-layout-flex wp-block-gallery-is-layout-flex\">\n<figure class=\"wp-block-image size-large\"><img loading=\"lazy\" decoding=\"async\" width=\"1191\" height=\"842\" data-id=\"3974\" src=\"https:\/\/www.gadmunicipaldeleg.gob.ec\/wp-content\/uploads\/Obras\/2022\/Entrega23casas2022\/German-Xavier-Torres.jpg\" alt=\"\" class=\"wp-image-3974\" srcset=\"https:\/\/www.gadmunicipaldeleg.gob.ec\/wp-content\/uploads\/Obras\/2022\/Entrega23casas2022\/German-Xavier-Torres.jpg 1191w, https:\/\/www.gadmunicipaldeleg.gob.ec\/wp-content\/uploads\/Obras\/2022\/Entrega23casas2022\/German-Xavier-Torres-300x212.jpg 300w, https:\/\/www.gadmunicipaldeleg.gob.ec\/wp-content\/uploads\/Obras\/2022\/Entrega23casas2022\/German-Xavier-Torres-1024x724.jpg 1024w, https:\/\/www.gadmunicipaldeleg.gob.ec\/wp-content\/uploads\/Obras\/2022\/Entrega23casas2022\/German-Xavier-Torres-768x543.jpg 768w\" sizes=\"auto, (max-width: 1191px) 100vw, 1191px\" \/><\/figure>\n\n\n\n<figure class=\"wp-block-image size-large\"><img loading=\"lazy\" decoding=\"async\" width=\"1191\" height=\"842\" data-id=\"3973\" src=\"https:\/\/www.gadmunicipaldeleg.gob.ec\/wp-content\/uploads\/Obras\/2022\/Entrega23casas2022\/Maquiavello-2.jpg\" alt=\"\" class=\"wp-image-3973\" srcset=\"https:\/\/www.gadmunicipaldeleg.gob.ec\/wp-content\/uploads\/Obras\/2022\/Entrega23casas2022\/Maquiavello-2.jpg 1191w, https:\/\/www.gadmunicipaldeleg.gob.ec\/wp-content\/uploads\/Obras\/2022\/Entrega23casas2022\/Maquiavello-2-300x212.jpg 300w, https:\/\/www.gadmunicipaldeleg.gob.ec\/wp-content\/uploads\/Obras\/2022\/Entrega23casas2022\/Maquiavello-2-1024x724.jpg 1024w, https:\/\/www.gadmunicipaldeleg.gob.ec\/wp-content\/uploads\/Obras\/2022\/Entrega23casas2022\/Maquiavello-2-768x543.jpg 768w\" sizes=\"auto, (max-width: 1191px) 100vw, 1191px\" \/><\/figure>\n\n\n\n<figure class=\"wp-block-image size-large\"><img loading=\"lazy\" decoding=\"async\" width=\"1024\" height=\"724\" data-id=\"3983\" src=\"https:\/\/www.gadmunicipaldeleg.gob.ec\/wp-content\/uploads\/Obras\/2022\/Entrega23casas2022\/Maquiavello-1-1024x724.jpg\" alt=\"\" class=\"wp-image-3983\" srcset=\"https:\/\/www.gadmunicipaldeleg.gob.ec\/wp-content\/uploads\/Obras\/2022\/Entrega23casas2022\/Maquiavello-1-1024x724.jpg 1024w, https:\/\/www.gadmunicipaldeleg.gob.ec\/wp-content\/uploads\/Obras\/2022\/Entrega23casas2022\/Maquiavello-1-300x212.jpg 300w, https:\/\/www.gadmunicipaldeleg.gob.ec\/wp-content\/uploads\/Obras\/2022\/Entrega23casas2022\/Maquiavello-1-768x543.jpg 768w, https:\/\/www.gadmunicipaldeleg.gob.ec\/wp-content\/uploads\/Obras\/2022\/Entrega23casas2022\/Maquiavello-1.jpg 1191w\" sizes=\"auto, (max-width: 1024px) 100vw, 1024px\" \/><\/figure>\n\n\n\n<figure class=\"wp-block-image size-large\"><img loading=\"lazy\" decoding=\"async\" width=\"1024\" height=\"724\" data-id=\"3984\" src=\"https:\/\/www.gadmunicipaldeleg.gob.ec\/wp-content\/uploads\/Obras\/2022\/Entrega23casas2022\/julio-Reclde-1024x724.jpg\" alt=\"\" class=\"wp-image-3984\" srcset=\"https:\/\/www.gadmunicipaldeleg.gob.ec\/wp-content\/uploads\/Obras\/2022\/Entrega23casas2022\/julio-Reclde-1024x724.jpg 1024w, https:\/\/www.gadmunicipaldeleg.gob.ec\/wp-content\/uploads\/Obras\/2022\/Entrega23casas2022\/julio-Reclde-300x212.jpg 300w, https:\/\/www.gadmunicipaldeleg.gob.ec\/wp-content\/uploads\/Obras\/2022\/Entrega23casas2022\/julio-Reclde-768x543.jpg 768w, https:\/\/www.gadmunicipaldeleg.gob.ec\/wp-content\/uploads\/Obras\/2022\/Entrega23casas2022\/julio-Reclde.jpg 1191w\" sizes=\"auto, (max-width: 1024px) 100vw, 1024px\" \/><\/figure>\n\n\n\n<figure class=\"wp-block-image size-large\"><img loading=\"lazy\" decoding=\"async\" width=\"1191\" height=\"842\" data-id=\"3975\" src=\"https:\/\/www.gadmunicipaldeleg.gob.ec\/wp-content\/uploads\/Obras\/2022\/Entrega23casas2022\/China-CAMC.jpg\" alt=\"\" class=\"wp-image-3975\" srcset=\"https:\/\/www.gadmunicipaldeleg.gob.ec\/wp-content\/uploads\/Obras\/2022\/Entrega23casas2022\/China-CAMC.jpg 1191w, https:\/\/www.gadmunicipaldeleg.gob.ec\/wp-content\/uploads\/Obras\/2022\/Entrega23casas2022\/China-CAMC-300x212.jpg 300w, https:\/\/www.gadmunicipaldeleg.gob.ec\/wp-content\/uploads\/Obras\/2022\/Entrega23casas2022\/China-CAMC-1024x724.jpg 1024w, https:\/\/www.gadmunicipaldeleg.gob.ec\/wp-content\/uploads\/Obras\/2022\/Entrega23casas2022\/China-CAMC-768x543.jpg 768w\" sizes=\"auto, (max-width: 1191px) 100vw, 1191px\" \/><\/figure>\n<\/figure>\n\n\n\n<p><\/p>\n\n\n\n<p>Las entregas de las viviendas se efectuaron con el gobernador del Ca\u00f1ar, Wilfrido Rivera.<\/p>\n\n\n\n<figure class=\"wp-block-gallery has-nested-images columns-2 is-cropped wp-block-gallery-2 is-layout-flex wp-block-gallery-is-layout-flex\">\n<figure class=\"wp-block-image size-large\"><img loading=\"lazy\" decoding=\"async\" width=\"1024\" height=\"604\" data-id=\"3965\" src=\"https:\/\/www.gadmunicipaldeleg.gob.ec\/wp-content\/uploads\/Obras\/2022\/Entrega23casas2022\/entrega23casas-2-1024x604.jpg\" alt=\"\" class=\"wp-image-3965\" srcset=\"https:\/\/www.gadmunicipaldeleg.gob.ec\/wp-content\/uploads\/Obras\/2022\/Entrega23casas2022\/entrega23casas-2-1024x604.jpg 1024w, https:\/\/www.gadmunicipaldeleg.gob.ec\/wp-content\/uploads\/Obras\/2022\/Entrega23casas2022\/entrega23casas-2-300x177.jpg 300w, https:\/\/www.gadmunicipaldeleg.gob.ec\/wp-content\/uploads\/Obras\/2022\/Entrega23casas2022\/entrega23casas-2-768x453.jpg 768w, https:\/\/www.gadmunicipaldeleg.gob.ec\/wp-content\/uploads\/Obras\/2022\/Entrega23casas2022\/entrega23casas-2-1536x906.jpg 1536w, https:\/\/www.gadmunicipaldeleg.gob.ec\/wp-content\/uploads\/Obras\/2022\/Entrega23casas2022\/entrega23casas-2.jpg 1814w\" sizes=\"auto, (max-width: 1024px) 100vw, 1024px\" \/><\/figure>\n\n\n\n<figure class=\"wp-block-image size-large\"><img loading=\"lazy\" decoding=\"async\" width=\"683\" height=\"1024\" data-id=\"3967\" src=\"https:\/\/www.gadmunicipaldeleg.gob.ec\/wp-content\/uploads\/Obras\/2022\/Entrega23casas2022\/entrega23casas-14-683x1024.jpg\" alt=\"\" class=\"wp-image-3967\" srcset=\"https:\/\/www.gadmunicipaldeleg.gob.ec\/wp-content\/uploads\/Obras\/2022\/Entrega23casas2022\/entrega23casas-14-683x1024.jpg 683w, https:\/\/www.gadmunicipaldeleg.gob.ec\/wp-content\/uploads\/Obras\/2022\/Entrega23casas2022\/entrega23casas-14-200x300.jpg 200w, https:\/\/www.gadmunicipaldeleg.gob.ec\/wp-content\/uploads\/Obras\/2022\/Entrega23casas2022\/entrega23casas-14-768x1151.jpg 768w, https:\/\/www.gadmunicipaldeleg.gob.ec\/wp-content\/uploads\/Obras\/2022\/Entrega23casas2022\/entrega23casas-14-1025x1536.jpg 1025w, https:\/\/www.gadmunicipaldeleg.gob.ec\/wp-content\/uploads\/Obras\/2022\/Entrega23casas2022\/entrega23casas-14.jpg 1210w\" sizes=\"auto, (max-width: 683px) 100vw, 683px\" \/><\/figure>\n\n\n\n<figure class=\"wp-block-image size-large\"><img loading=\"lazy\" decoding=\"async\" width=\"1024\" height=\"620\" data-id=\"3968\" src=\"https:\/\/www.gadmunicipaldeleg.gob.ec\/wp-content\/uploads\/Obras\/2022\/Entrega23casas2022\/entrega23casas-12-1024x620.jpg\" alt=\"\" class=\"wp-image-3968\" srcset=\"https:\/\/www.gadmunicipaldeleg.gob.ec\/wp-content\/uploads\/Obras\/2022\/Entrega23casas2022\/entrega23casas-12-1024x620.jpg 1024w, https:\/\/www.gadmunicipaldeleg.gob.ec\/wp-content\/uploads\/Obras\/2022\/Entrega23casas2022\/entrega23casas-12-300x182.jpg 300w, https:\/\/www.gadmunicipaldeleg.gob.ec\/wp-content\/uploads\/Obras\/2022\/Entrega23casas2022\/entrega23casas-12-768x465.jpg 768w, https:\/\/www.gadmunicipaldeleg.gob.ec\/wp-content\/uploads\/Obras\/2022\/Entrega23casas2022\/entrega23casas-12-1536x930.jpg 1536w, https:\/\/www.gadmunicipaldeleg.gob.ec\/wp-content\/uploads\/Obras\/2022\/Entrega23casas2022\/entrega23casas-12.jpg 1793w\" sizes=\"auto, (max-width: 1024px) 100vw, 1024px\" \/><\/figure>\n\n\n\n<figure class=\"wp-block-image size-large\"><img loading=\"lazy\" decoding=\"async\" width=\"1024\" height=\"574\" data-id=\"3966\" src=\"https:\/\/www.gadmunicipaldeleg.gob.ec\/wp-content\/uploads\/Obras\/2022\/Entrega23casas2022\/entrega23casas-8-1024x574.jpg\" alt=\"\" class=\"wp-image-3966\" srcset=\"https:\/\/www.gadmunicipaldeleg.gob.ec\/wp-content\/uploads\/Obras\/2022\/Entrega23casas2022\/entrega23casas-8-1024x574.jpg 1024w, https:\/\/www.gadmunicipaldeleg.gob.ec\/wp-content\/uploads\/Obras\/2022\/Entrega23casas2022\/entrega23casas-8-300x168.jpg 300w, https:\/\/www.gadmunicipaldeleg.gob.ec\/wp-content\/uploads\/Obras\/2022\/Entrega23casas2022\/entrega23casas-8-768x430.jpg 768w, https:\/\/www.gadmunicipaldeleg.gob.ec\/wp-content\/uploads\/Obras\/2022\/Entrega23casas2022\/entrega23casas-8-1536x860.jpg 1536w, https:\/\/www.gadmunicipaldeleg.gob.ec\/wp-content\/uploads\/Obras\/2022\/Entrega23casas2022\/entrega23casas-8.jpg 1814w\" sizes=\"auto, (max-width: 1024px) 100vw, 1024px\" \/><\/figure>\n\n\n\n<figure class=\"wp-block-image size-large\"><img loading=\"lazy\" decoding=\"async\" width=\"1024\" height=\"682\" data-id=\"3962\" src=\"https:\/\/www.gadmunicipaldeleg.gob.ec\/wp-content\/uploads\/Obras\/2022\/Entrega23casas2022\/entrega23casas-5-1024x682.jpg\" alt=\"\" class=\"wp-image-3962\" srcset=\"https:\/\/www.gadmunicipaldeleg.gob.ec\/wp-content\/uploads\/Obras\/2022\/Entrega23casas2022\/entrega23casas-5-1024x682.jpg 1024w, https:\/\/www.gadmunicipaldeleg.gob.ec\/wp-content\/uploads\/Obras\/2022\/Entrega23casas2022\/entrega23casas-5-300x200.jpg 300w, https:\/\/www.gadmunicipaldeleg.gob.ec\/wp-content\/uploads\/Obras\/2022\/Entrega23casas2022\/entrega23casas-5-768x512.jpg 768w, https:\/\/www.gadmunicipaldeleg.gob.ec\/wp-content\/uploads\/Obras\/2022\/Entrega23casas2022\/entrega23casas-5.jpg 1412w\" sizes=\"auto, (max-width: 1024px) 100vw, 1024px\" \/><\/figure>\n\n\n\n<figure class=\"wp-block-image size-large\"><img loading=\"lazy\" decoding=\"async\" width=\"1024\" height=\"683\" data-id=\"3969\" src=\"https:\/\/www.gadmunicipaldeleg.gob.ec\/wp-content\/uploads\/Obras\/2022\/Entrega23casas2022\/entrega23casas-13-1024x683.jpg\" alt=\"\" class=\"wp-image-3969\" srcset=\"https:\/\/www.gadmunicipaldeleg.gob.ec\/wp-content\/uploads\/Obras\/2022\/Entrega23casas2022\/entrega23casas-13-1024x683.jpg 1024w, https:\/\/www.gadmunicipaldeleg.gob.ec\/wp-content\/uploads\/Obras\/2022\/Entrega23casas2022\/entrega23casas-13-300x200.jpg 300w, https:\/\/www.gadmunicipaldeleg.gob.ec\/wp-content\/uploads\/Obras\/2022\/Entrega23casas2022\/entrega23casas-13-768x512.jpg 768w, https:\/\/www.gadmunicipaldeleg.gob.ec\/wp-content\/uploads\/Obras\/2022\/Entrega23casas2022\/entrega23casas-13-1536x1025.jpg 1536w, https:\/\/www.gadmunicipaldeleg.gob.ec\/wp-content\/uploads\/Obras\/2022\/Entrega23casas2022\/entrega23casas-13.jpg 1814w\" sizes=\"auto, (max-width: 1024px) 100vw, 1024px\" \/><\/figure>\n<\/figure>\n\n\n\n<blockquote class=\"wp-block-quote is-style-default has-background has-medium-font-size is-layout-flow wp-block-quote-is-layout-flow\" style=\"background-color:#bfcdda\"><p><strong>La inversi\u00f3n total es de aproximadamente 1.500.000.00 (UN MILLON QUINIENTOS MIL D\u00d3LARES), donde la entidad municipal invirti\u00f3 mas de 300.000.00 (TRESCIENTOS MIL D\u00d3LARES) en la dotaci\u00f3n de agua potable, alcantarillado sanitario, construcci\u00f3n de una planta de tratamiento de aguas residuales, conformaci\u00f3n de plataformas, donaci\u00f3n del terreno, estabilizaci\u00f3n de taludes y ensayos de laboratorio.<\/strong><\/p><\/blockquote>\n\n\n\n<figure class=\"wp-block-gallery has-nested-images columns-default is-cropped wp-block-gallery-3 is-layout-flex wp-block-gallery-is-layout-flex\">\n<figure class=\"wp-block-image size-large\"><img loading=\"lazy\" decoding=\"async\" width=\"2000\" height=\"1125\" data-id=\"3991\" src=\"https:\/\/www.gadmunicipaldeleg.gob.ec\/wp-content\/uploads\/Obras\/2022\/Entrega23casas2022\/casasJulio2022.jpg\" alt=\"\" class=\"wp-image-3991\" srcset=\"https:\/\/www.gadmunicipaldeleg.gob.ec\/wp-content\/uploads\/Obras\/2022\/Entrega23casas2022\/casasJulio2022.jpg 2000w, https:\/\/www.gadmunicipaldeleg.gob.ec\/wp-content\/uploads\/Obras\/2022\/Entrega23casas2022\/casasJulio2022-300x169.jpg 300w, https:\/\/www.gadmunicipaldeleg.gob.ec\/wp-content\/uploads\/Obras\/2022\/Entrega23casas2022\/casasJulio2022-1024x576.jpg 1024w, https:\/\/www.gadmunicipaldeleg.gob.ec\/wp-content\/uploads\/Obras\/2022\/Entrega23casas2022\/casasJulio2022-768x432.jpg 768w, https:\/\/www.gadmunicipaldeleg.gob.ec\/wp-content\/uploads\/Obras\/2022\/Entrega23casas2022\/casasJulio2022-1536x864.jpg 1536w\" sizes=\"auto, (max-width: 2000px) 100vw, 2000px\" \/><\/figure>\n\n\n\n<figure class=\"wp-block-image size-large\"><img loading=\"lazy\" decoding=\"async\" width=\"2000\" height=\"1125\" data-id=\"3992\" src=\"https:\/\/www.gadmunicipaldeleg.gob.ec\/wp-content\/uploads\/Obras\/2022\/Entrega23casas2022\/casasjulio2022-2.jpg\" alt=\"\" class=\"wp-image-3992\" srcset=\"https:\/\/www.gadmunicipaldeleg.gob.ec\/wp-content\/uploads\/Obras\/2022\/Entrega23casas2022\/casasjulio2022-2.jpg 2000w, https:\/\/www.gadmunicipaldeleg.gob.ec\/wp-content\/uploads\/Obras\/2022\/Entrega23casas2022\/casasjulio2022-2-300x169.jpg 300w, https:\/\/www.gadmunicipaldeleg.gob.ec\/wp-content\/uploads\/Obras\/2022\/Entrega23casas2022\/casasjulio2022-2-1024x576.jpg 1024w, https:\/\/www.gadmunicipaldeleg.gob.ec\/wp-content\/uploads\/Obras\/2022\/Entrega23casas2022\/casasjulio2022-2-768x432.jpg 768w, https:\/\/www.gadmunicipaldeleg.gob.ec\/wp-content\/uploads\/Obras\/2022\/Entrega23casas2022\/casasjulio2022-2-1536x864.jpg 1536w\" sizes=\"auto, (max-width: 2000px) 100vw, 2000px\" \/><\/figure>\n\n\n\n<figure class=\"wp-block-image size-large\"><img loading=\"lazy\" decoding=\"async\" width=\"2560\" height=\"1707\" data-id=\"3989\" src=\"https:\/\/www.gadmunicipaldeleg.gob.ec\/wp-content\/uploads\/Obras\/2022\/Entrega23casas2022\/IMG_2570-scaled.jpg\" alt=\"\" class=\"wp-image-3989\" srcset=\"https:\/\/www.gadmunicipaldeleg.gob.ec\/wp-content\/uploads\/Obras\/2022\/Entrega23casas2022\/IMG_2570-scaled.jpg 2560w, https:\/\/www.gadmunicipaldeleg.gob.ec\/wp-content\/uploads\/Obras\/2022\/Entrega23casas2022\/IMG_2570-300x200.jpg 300w, https:\/\/www.gadmunicipaldeleg.gob.ec\/wp-content\/uploads\/Obras\/2022\/Entrega23casas2022\/IMG_2570-1024x683.jpg 1024w, https:\/\/www.gadmunicipaldeleg.gob.ec\/wp-content\/uploads\/Obras\/2022\/Entrega23casas2022\/IMG_2570-768x512.jpg 768w, https:\/\/www.gadmunicipaldeleg.gob.ec\/wp-content\/uploads\/Obras\/2022\/Entrega23casas2022\/IMG_2570-1536x1024.jpg 1536w, https:\/\/www.gadmunicipaldeleg.gob.ec\/wp-content\/uploads\/Obras\/2022\/Entrega23casas2022\/IMG_2570-2048x1365.jpg 2048w\" sizes=\"auto, (max-width: 2560px) 100vw, 2560px\" \/><\/figure>\n\n\n\n<figure class=\"wp-block-image size-large\"><img loading=\"lazy\" decoding=\"async\" width=\"1366\" height=\"768\" data-id=\"3988\" src=\"https:\/\/www.gadmunicipaldeleg.gob.ec\/wp-content\/uploads\/Obras\/2022\/Entrega23casas2022\/CASAS_2.jpg\" alt=\"\" class=\"wp-image-3988\" srcset=\"https:\/\/www.gadmunicipaldeleg.gob.ec\/wp-content\/uploads\/Obras\/2022\/Entrega23casas2022\/CASAS_2.jpg 1366w, https:\/\/www.gadmunicipaldeleg.gob.ec\/wp-content\/uploads\/Obras\/2022\/Entrega23casas2022\/CASAS_2-300x169.jpg 300w, https:\/\/www.gadmunicipaldeleg.gob.ec\/wp-content\/uploads\/Obras\/2022\/Entrega23casas2022\/CASAS_2-1024x576.jpg 1024w, https:\/\/www.gadmunicipaldeleg.gob.ec\/wp-content\/uploads\/Obras\/2022\/Entrega23casas2022\/CASAS_2-768x432.jpg 768w\" sizes=\"auto, (max-width: 1366px) 100vw, 1366px\" \/><\/figure>\n\n\n\n<figure class=\"wp-block-image size-large\"><img loading=\"lazy\" decoding=\"async\" width=\"1366\" height=\"768\" data-id=\"3987\" src=\"https:\/\/www.gadmunicipaldeleg.gob.ec\/wp-content\/uploads\/Obras\/2022\/Entrega23casas2022\/CASAS.jpg\" alt=\"\" class=\"wp-image-3987\" srcset=\"https:\/\/www.gadmunicipaldeleg.gob.ec\/wp-content\/uploads\/Obras\/2022\/Entrega23casas2022\/CASAS.jpg 1366w, https:\/\/www.gadmunicipaldeleg.gob.ec\/wp-content\/uploads\/Obras\/2022\/Entrega23casas2022\/CASAS-300x169.jpg 300w, https:\/\/www.gadmunicipaldeleg.gob.ec\/wp-content\/uploads\/Obras\/2022\/Entrega23casas2022\/CASAS-1024x576.jpg 1024w, https:\/\/www.gadmunicipaldeleg.gob.ec\/wp-content\/uploads\/Obras\/2022\/Entrega23casas2022\/CASAS-768x432.jpg 768w\" sizes=\"auto, (max-width: 1366px) 100vw, 1366px\" \/><\/figure>\n\n\n\n<figure class=\"wp-block-image size-large\"><img loading=\"lazy\" decoding=\"async\" width=\"1366\" height=\"768\" data-id=\"3990\" src=\"https:\/\/www.gadmunicipaldeleg.gob.ec\/wp-content\/uploads\/Obras\/2022\/Entrega23casas2022\/casas2022.jpg\" alt=\"\" class=\"wp-image-3990\" srcset=\"https:\/\/www.gadmunicipaldeleg.gob.ec\/wp-content\/uploads\/Obras\/2022\/Entrega23casas2022\/casas2022.jpg 1366w, https:\/\/www.gadmunicipaldeleg.gob.ec\/wp-content\/uploads\/Obras\/2022\/Entrega23casas2022\/casas2022-300x169.jpg 300w, https:\/\/www.gadmunicipaldeleg.gob.ec\/wp-content\/uploads\/Obras\/2022\/Entrega23casas2022\/casas2022-1024x576.jpg 1024w, https:\/\/www.gadmunicipaldeleg.gob.ec\/wp-content\/uploads\/Obras\/2022\/Entrega23casas2022\/casas2022-768x432.jpg 768w\" sizes=\"auto, (max-width: 1366px) 100vw, 1366px\" \/><\/figure>\n<\/figure>\n\n\n\n<blockquote class=\"wp-block-quote is-layout-flow wp-block-quote-is-layout-flow\"><p><\/p><p><strong><em>Lo importante es que cumplimos con la gente de extrema pobreza, felicitaciones a todos los adjudicados, su felicidad es nuestra. En los pr\u00f3ximos d\u00edas se anunciar\u00e1 la entrega de las 27 viviendas restantes de un total de 50.<\/em><\/strong><\/p><\/blockquote>\n","protected":false},"excerpt":{"rendered":"<p>Este martes 02 de agosto se entregaron las primeras 23 viviendas del proyecto emblem\u00e1tico, gestionado por Geovanni Chuya Jara, alcalde del cant\u00f3n D\u00e9leg. Obra emblem\u00e1tica que inici\u00f3 su gesti\u00f3n Geovanni Chuya Jara, luego de la suscripci\u00f3n del convenio marco entre la municipalidad de D\u00e9leg y el MIDUVI el 18 de junio de 2019, representada en [&hellip;]<\/p>\n","protected":false},"author":1,"featured_media":3964,"comment_status":"open","ping_status":"open","sticky":false,"template":"","format":"standard","meta":{"_monsterinsights_skip_tracking":false,"_monsterinsights_sitenote_active":false,"_monsterinsights_sitenote_note":"","_monsterinsights_sitenote_category":0,"footnotes":""},"categories":[236],"tags":[],"class_list":["post-3970","post","type-post","status-publish","format-standard","has-post-thumbnail","hentry","category-obras"],"_links":{"self":[{"href":"https:\/\/www.gadmunicipaldeleg.gob.ec\/index.php?rest_route=\/wp\/v2\/posts\/3970","targetHints":{"allow":["GET"]}}],"collection":[{"href":"https:\/\/www.gadmunicipaldeleg.gob.ec\/index.php?rest_route=\/wp\/v2\/posts"}],"about":[{"href":"https:\/\/www.gadmunicipaldeleg.gob.ec\/index.php?rest_route=\/wp\/v2\/types\/post"}],"author":[{"embeddable":true,"href":"https:\/\/www.gadmunicipaldeleg.gob.ec\/index.php?rest_route=\/wp\/v2\/users\/1"}],"replies":[{"embeddable":true,"href":"https:\/\/www.gadmunicipaldeleg.gob.ec\/index.php?rest_route=%2Fwp%2Fv2%2Fcomments&post=3970"}],"version-history":[{"count":16,"href":"https:\/\/www.gadmunicipaldeleg.gob.ec\/index.php?rest_route=\/wp\/v2\/posts\/3970\/revisions"}],"predecessor-version":[{"id":4037,"href":"https:\/\/www.gadmunicipaldeleg.gob.ec\/index.php?rest_route=\/wp\/v2\/posts\/3970\/revisions\/4037"}],"wp:featuredmedia":[{"embeddable":true,"href":"https:\/\/www.gadmunicipaldeleg.gob.ec\/index.php?rest_route=\/wp\/v2\/media\/3964"}],"wp:attachment":[{"href":"https:\/\/www.gadmunicipaldeleg.gob.ec\/index.php?rest_route=%2Fwp%2Fv2%2Fmedia&parent=3970"}],"wp:term":[{"taxonomy":"category","embeddable":true,"href":"https:\/\/www.gadmunicipaldeleg.gob.ec\/index.php?rest_route=%2Fwp%2Fv2%2Fcategories&post=3970"},{"taxonomy":"post_tag","embeddable":true,"href":"https:\/\/www.gadmunicipaldeleg.gob.ec\/index.php?rest_route=%2Fwp%2Fv2%2Ftags&post=3970"}],"curies":[{"name":"wp","href":"https:\/\/api.w.org\/{rel}","templated":true}]}}